
{"id":12004,"date":"2020-10-15T13:25:39","date_gmt":"2020-10-15T13:25:39","guid":{"rendered":"http:\/\/zupnija-gomilsko.rkc.si\/journal\/?p=12004"},"modified":"2020-10-03T20:56:20","modified_gmt":"2020-10-03T20:56:20","slug":"rencontre-nouvelle-maman","status":"publish","type":"post","link":"http:\/\/zupnija-gomilsko.rkc.si\/journal\/2020\/10\/15\/rencontre-nouvelle-maman\/","title":{"rendered":"Rencontre Nouvelle Maman"},"content":{"rendered":"<p>Vous pouvez \u00e9couter le podcast Baby Bien sur toutes les plateformes d\u00e9coute : Jai 23 ans et une petite monstre de 10 mois et demi! N: A mon \u00e9poque on couchait les b\u00e9b\u00e9s sur le c\u00f4t\u00e9 ou le ventre mais surtout pas sur le dos alors quaujourdhui cest sur le dos et rien dautre! un jour on les couchera debout sur la t\u00eate! Selon les \u00e9poques il y a des modes. Les biberons par exemple que tu ne st\u00e9rilises pas! La grande diff\u00e9rence aussi cest quil y avait beaucoup moins de choix dans lalimentation et dans les v\u00eatements surtout. Et la t\u00e9tine \u00e0 mon \u00e9poque la t\u00e9tine n\u00e9tait pas une option! je nen voyais pas autour de moi aussi li\u00e9 au milieu dans lequel jai grandi et o\u00f9 les t\u00e9tines \u00e9taient tr\u00e8s mal vues alors quaujourdhui on les voit chez pratiquement tous les enfants. Ch\u00e8re Famille, nous sommes en pens\u00e9es avec vous en ces moments p\u00e9nibles et nous vous pr\u00e9sentons nos sinc\u00e8res condol\u00e9ances. <img decoding=\"async\" src=\"http:\/\/img.over-blog-kiwi.com\/582x288-ct\/0\/74\/44\/52\/201311\/ob_a9d6ff_after-mtbp-28-novembre-2013.jpg\" alt=\"rencontre nouvelle maman\" align=\"left\"> Cest un soutien \u00e9motionnel \u00e0 la minute pr\u00e8s, d\u00e8s quon en a besoin, r\u00e9sume-t-elle. On vit les m\u00eames questionnements et les m\u00eames \u00e9tapes avec une grande solidarit\u00e9 : fausses couches, \u00e9chographie, tests de grossesse, premi\u00e8res contractions On conna\u00eet les joies et les difficult\u00e9s de chacune. Alors, quand on ne vit pas loin, il est \u00e9vident que les rencontres sorganisent facilement et que lon peut se suivre des ann\u00e9es, puisque les enfants ont le m\u00eame \u00e2ge. Les ascendants d\u00c9dith Piaf appartenaient au monde du spectacle depuis deux g\u00e9n\u00e9rations. Son grand-p\u00e8re paternel, Victor Alphonse Gassion, Normand de Falaise, \u00e9tait \u00e9cuyer de cirque, ainsi que son grand-p\u00e8re maternel, qui \u00e9pousa une dresseuse de puces. Population, Institut national d\u00e9tudes d\u00e9mographiques France, 1984, page 219.  Une fois que cette routine sera mise en place, ces petits moments privil\u00e9gi\u00e9s avec vous-m\u00eame seront essentiels \u00e0 votre sant\u00e9 psycho-\u00e9motionnel, car m\u00eame apr\u00e8s larriv\u00e9e de b\u00e9b\u00e9 vous ne serez pas que maman donc noubliez pas de penser \u00e0 vous! Kate Middleton en visioconf\u00e9rence dans une maternit\u00e9 Relation beau-p\u00e8re enfant : Sil vient, on part chez papa En 2015, chante en fran\u00e7ais sur chaque date de la tourn\u00e9e commune avec, puis en enregistre une version pour la bande originale du film de 2018.  Louane Emera sortira ensuite demi-finaliste dans l\u00e9mission L\u00e9cole des stars, une exp\u00e9rience qui lui donnera envie de poursuivre sa carri\u00e8re dans la chanson. Quelques ann\u00e9es plus tard, Louane sera r\u00e9v\u00e9l\u00e9e au grand public dans l\u00e9mission The Voice 2, en 2013, dans laquelle sa m\u00e8re lavait inscrite \u00e0 son insue. Elle fera craquer les coachs et les t\u00e9l\u00e9spectateurs et sera malheureusement \u00e9limin\u00e9e tr\u00e8s pr\u00e8s de la victoire en demi-finale. PS5 : sortie, prix, jeux, puissance, manette, design. Tout ce quil faut savoir sur la nouvelle console de Sony <img decoding=\"async\" src=\"http:\/\/www.leparisien.fr\/images\/2017\/01\/07\/6537138_web-fdj-soc-predicat-2-01.jpg\" alt=\"rencontre nouvelle maman\" align=\"left\"> <img decoding=\"async\" src=\"http:\/\/catalogue.gazette-drouot.com\/images\/perso\/lot218x180b\/LOT\/266\/89440\/496.jpg\" alt=\"rencontre nouvelle maman\" align=\"center\"> Pour ma part jai aussi beaucoup culpabilis\u00e9 lorsque je nai pas pu continuer \u00e0 faire les petits pots maison \u00e0 ma fille lors de ma reprise du boulot. Cest un sentiment qui passe avec le temps mais pas facile \u00e0 accepter au d\u00e9but! AUCH 10MN OUEST, COUP DE COEUR pour cette magnifique demeure en pierre impl.. Bien s\u00fbr, il y eut quelques d\u00e9convenues comme au Bierger Center qui exigeait des papiers introuvables pour obtenir la carte de r\u00e9sident Sans compter les 10 \u00e9tapes \u00e0 franchir pour faire immatriculer la voiture Mais \u00e0 c\u00f4t\u00e9 du plaisir de nos d\u00e9couvertes, cela na plus aucune importance.  personne ne sait ce quil peut arriver, \u00e7a vous tombe dessus comme la mis\u00e8re Elle a beaucoup de talent, aussi pour le design de son propre site que pour les blogs quelle embellit. Naurais jamais faites seule. Et puis, on s\u00e9change nos petites adresses, jadore! Sabrina L Enceinte de 5 mois.<\/p>\n","protected":false},"excerpt":{"rendered":"<p>rencontre nouvelle maman<\/p>\n","protected":false},"author":1,"featured_media":0,"comment_status":"closed","ping_status":"closed","sticky":false,"template":"","format":"standard","meta":{"footnotes":""},"categories":[1],"tags":[],"_links":{"self":[{"href":"http:\/\/zupnija-gomilsko.rkc.si\/journal\/wp-json\/wp\/v2\/posts\/12004"}],"collection":[{"href":"http:\/\/zupnija-gomilsko.rkc.si\/journal\/wp-json\/wp\/v2\/posts"}],"about":[{"href":"http:\/\/zupnija-gomilsko.rkc.si\/journal\/wp-json\/wp\/v2\/types\/post"}],"author":[{"embeddable":true,"href":"http:\/\/zupnija-gomilsko.rkc.si\/journal\/wp-json\/wp\/v2\/users\/1"}],"replies":[{"embeddable":true,"href":"http:\/\/zupnija-gomilsko.rkc.si\/journal\/wp-json\/wp\/v2\/comments?post=12004"}],"version-history":[{"count":1,"href":"http:\/\/zupnija-gomilsko.rkc.si\/journal\/wp-json\/wp\/v2\/posts\/12004\/revisions"}],"predecessor-version":[{"id":12005,"href":"http:\/\/zupnija-gomilsko.rkc.si\/journal\/wp-json\/wp\/v2\/posts\/12004\/revisions\/12005"}],"wp:attachment":[{"href":"http:\/\/zupnija-gomilsko.rkc.si\/journal\/wp-json\/wp\/v2\/media?parent=12004"}],"wp:term":[{"taxonomy":"category","embeddable":true,"href":"http:\/\/zupnija-gomilsko.rkc.si\/journal\/wp-json\/wp\/v2\/categories?post=12004"},{"taxonomy":"post_tag","embeddable":true,"href":"http:\/\/zupnija-gomilsko.rkc.si\/journal\/wp-json\/wp\/v2\/tags?post=12004"}],"curies":[{"name":"wp","href":"https:\/\/api.w.org\/{rel}","templated":true}]}}