
{"id":12014,"date":"2020-10-15T08:08:54","date_gmt":"2020-10-15T08:08:54","guid":{"rendered":"http:\/\/zupnija-gomilsko.rkc.si\/journal\/?p=12014"},"modified":"2020-10-03T21:05:58","modified_gmt":"2020-10-03T21:05:58","slug":"kto-rencontre","status":"publish","type":"post","link":"http:\/\/zupnija-gomilsko.rkc.si\/journal\/2020\/10\/15\/kto-rencontre\/","title":{"rendered":"Kto Rencontre"},"content":{"rendered":"<p>Vivre Laudato Si : R\u00e9flexion sur un plan global LaudatoSi www.sowinghopefortheplanet.org Province des fr\u00e8res mineurs de France et de Belgique 18 h 55 : La th\u00e9ologienne pr\u00e9sente dans son intervention le livre de Mgr dOrnellas publi\u00e9 ce soir : Bio\u00e9thique, quel monde voulons-nous? Bayard, Cerf, Mame, 10. La parole de l\u00c9glise est un appel \u00e0 la responsabilit\u00e9 vis-\u00e0-vis du plus faible, affirme-t-elle. <img decoding=\"async\" src=\"http:\/\/legalinsurrection.com\/wp-content\/uploads\/2015\/12\/Martin-OMalley-and-supporter-620x436.jpg\" alt=\"kto rencontre\" align=\"left\"> Les difficiles d\u00e9buts de la R\u00e9sistance 1939-1941 <img decoding=\"async\" src=\"http:\/\/relations.annududial.com\/wp-content\/uploads\/2014\/02\/belle-fille-au-bar.jpg\" alt=\"kto rencontre\" align=\"right\"> La Mariapolis est le rendez-vous le plus important de lann\u00e9e. Pendant les vacances d\u00e9t\u00e9, on y converge des 4 coins du pays. Les membres du mouvement sy retrouvent et invitent aussi des amis, des parents, des coll\u00e8gues : pendant quelques jours, au fil des jeux, des ateliers, des conf\u00e9rences et des \u00e9changes, on oublie petit \u00e0 petit qui est chr\u00e9tien, qui est musulman, qui doute et qui ne croit pas, pour se reconna\u00eetre amis, fr\u00e8res en humanit\u00e9.  <img decoding=\"async\" src=\"http:\/\/www.ktotv.com\/uploads\/media\/default\/0001\/41\/6d2b652439117f99c59912dd7ded72642d7aec9f.jpeg\" alt=\"kto rencontre\" align=\"left\"> En poursuivant votre navigation sur ce site, vous acceptez lutilisation de cookies. Rencontrer un homme ou une femme, pour construire une relation amicale ou amoureuse durable, rel\u00e8ve de nos jours dun v\u00e9ritable d\u00e9fi! R\u00e9\u00e9couter Fran\u00e7ois sera-t-il le Pape du schisme? \u00e9couter 38 min 38 min-Ateliers Et concr\u00e8tement, quelles solidarit\u00e9s? avec Philippe Belfort et Dolores Capon.  Cr\u00e9ez un compte afin dacc\u00e9der \u00e0 la version num\u00e9rique du magazine et \u00e0 lint\u00e9gralit\u00e9 des contenus du Point inclus dans votre offre. Le Pape a rejoint les 58 \u00e9v\u00eaques de la rencontre M\u00e9diterran\u00e9e, fronti\u00e8re de paix ce dimanche 23 f\u00e9vrier. Lors dun.. Il semblerait que MichelAupetit vient de lancer une nouvelle mode, celle du casque! Association cultuelle dioc\u00e9saine de l\u00c9glise orthodoxe russe-Dioc\u00e8se de Cherson\u00e8se Et en d\u00e9finitive, il y a un c\u00f4t\u00e9 sympathique de se dire quon nest Concerts : diffusion de concerts de musique sacr\u00e9e tous les samedis \u00e0 21h45. Accueil 451, rue Jean-Marie Vianney 01480 Ars sur Formans Le meilleur de la production du web catholique : vid\u00e9os du net, extraits de blog, pr\u00e9sentation de sites Non. Vous pouvez vous connecter avec votre compte sur autant dappareils que vous le souhaitez, mais en les utilisant \u00e0 des moments diff\u00e9rents.  Retrouvez le, qui donne des nouvelles r\u00e9guli\u00e8res de nos activit\u00e9s. Pour vivre la semaine Sainte \u00e0 domicile, nous vous proposons notre troisi\u00e8me live, pour le Vendredi Saint, ce vendredi 10 avril. Pour en savoir plus, et c\u00e9l\u00e9brer depuis chez vous la Semaine Sainte.. Lauteure, issue dune famille alg\u00e9rienne musulmane et violente, parle de sa rencontre avec J\u00e9sus et la bont\u00e9 de Dieu jusqu\u00e0 sa conversion et le bapt\u00eame. A loccasion du P\u00e8lerinage militaire international \u00e0 Lourdes en mai 2019, ce documentaire propose des t\u00e9moignages intimes de soldats am\u00e9ricains sur le chemin de leur gu\u00e9rison spirituelle pour surmonter.. Caritas : dabord pr\u00e9sent\u00e9 par Jean-Guillaume Charrier, puis par Pierre Schmidt, anciennement Mag Assoc, ce magazine de 52 minutes est r\u00e9alis\u00e9 en partenariat avec une association chr\u00e9tienne pour mettre en valeur et mieux comprendre son action. La diffusion, mensuelle, a \u00e9t\u00e9 arr\u00eat\u00e9e en juin 2011. Conception par Yves de La Serre-Eglise Communication.<\/p>\n","protected":false},"excerpt":{"rendered":"<p>kto rencontre<\/p>\n","protected":false},"author":1,"featured_media":0,"comment_status":"closed","ping_status":"closed","sticky":false,"template":"","format":"standard","meta":{"footnotes":""},"categories":[1],"tags":[],"_links":{"self":[{"href":"http:\/\/zupnija-gomilsko.rkc.si\/journal\/wp-json\/wp\/v2\/posts\/12014"}],"collection":[{"href":"http:\/\/zupnija-gomilsko.rkc.si\/journal\/wp-json\/wp\/v2\/posts"}],"about":[{"href":"http:\/\/zupnija-gomilsko.rkc.si\/journal\/wp-json\/wp\/v2\/types\/post"}],"author":[{"embeddable":true,"href":"http:\/\/zupnija-gomilsko.rkc.si\/journal\/wp-json\/wp\/v2\/users\/1"}],"replies":[{"embeddable":true,"href":"http:\/\/zupnija-gomilsko.rkc.si\/journal\/wp-json\/wp\/v2\/comments?post=12014"}],"version-history":[{"count":1,"href":"http:\/\/zupnija-gomilsko.rkc.si\/journal\/wp-json\/wp\/v2\/posts\/12014\/revisions"}],"predecessor-version":[{"id":12015,"href":"http:\/\/zupnija-gomilsko.rkc.si\/journal\/wp-json\/wp\/v2\/posts\/12014\/revisions\/12015"}],"wp:attachment":[{"href":"http:\/\/zupnija-gomilsko.rkc.si\/journal\/wp-json\/wp\/v2\/media?parent=12014"}],"wp:term":[{"taxonomy":"category","embeddable":true,"href":"http:\/\/zupnija-gomilsko.rkc.si\/journal\/wp-json\/wp\/v2\/categories?post=12014"},{"taxonomy":"post_tag","embeddable":true,"href":"http:\/\/zupnija-gomilsko.rkc.si\/journal\/wp-json\/wp\/v2\/tags?post=12014"}],"curies":[{"name":"wp","href":"https:\/\/api.w.org\/{rel}","templated":true}]}}