
{"id":12058,"date":"2020-10-16T02:03:05","date_gmt":"2020-10-16T02:03:05","guid":{"rendered":"http:\/\/zupnija-gomilsko.rkc.si\/journal\/?p=12058"},"modified":"2020-10-03T21:57:12","modified_gmt":"2020-10-03T21:57:12","slug":"agence-rencontre-suedoise","status":"publish","type":"post","link":"http:\/\/zupnija-gomilsko.rkc.si\/journal\/2020\/10\/16\/agence-rencontre-suedoise\/","title":{"rendered":"Agence Rencontre Suedoise"},"content":{"rendered":"<p>Lorsque la pauvret\u00e9 augmente, que les \u00e9coles ferment et que la disponibilit\u00e9 des services sociaux est en recul, un plus grand nombre denfants se retrouvent pouss\u00e9s vers le monde du travail, pr\u00e9vient-elle. LAssurance est obligatoire pour que votre s\u00e9jour se d\u00e9roule dans les meilleures conditions possibles. Nous vous conseillons celles-ci. <img decoding=\"async\" src=\"http:\/\/ekladata.com\/JN6wjz_dknN5GPDGDf0L5QTQHbo.jpg\" alt=\"agence rencontre suedoise\" align=\"center\"> travailler sans perdre ses droits : il per\u00e7oit alors une Comme lensemble du secteur du tourisme, I-Trekkings subit de plein fouet la crise \u00e9conomique qui fait suite au covid-19. Un petit coup de pouce de votre part serait appr\u00e9ci\u00e9. Comment? En partageant cet article par exemple ou en effectuant vos achats chez nos partenaires cest aussi une fa\u00e7on de les soutenir. Il y a bien dautres fa\u00e7ons de soutenir I-Trekkings. Ce nouvel appel \u00e0 projets de lInstitut fran\u00e7ais de Su\u00e8de pour lann\u00e9e 2016 est ax\u00e9 sur le soutien \u00e0 la mobilit\u00e9 \u00e0 la fois des artistes fran\u00e7ais vers la Su\u00e8de et des professionnels de la sph\u00e8re culturelle su\u00e9doise vers la France. Cher Jean-Philippe Jel, Eau Capitaine! Mon capitaine! Vous avez eu mille vies! On vous a vu sous les drapeaux, servir la r\u00e9publique. Aper\u00e7u aux tableaux des classes \u00e9ducatives. Mais votre bonhomie ne rentre pas dans ces costumes.. Emprunt dun id\u00e9al solidaire fond\u00e9 sur une forte redistribution Cest un choix mutuel : dans tous nos programmes, nous commen\u00e7ons par une s\u00e9rie de visites et dentretiens de terrain pour v\u00e9rifier que chacun est dispos\u00e9 \u00e0 respecter le protocole de lexp\u00e9rience. Il nest pas rare quun des \u00e9l\u00e9ments de ce protocole ne puisse \u00eatre respect\u00e9 par lune ou lautre des parties, auquel cas nous pouvons renoncer \u00e0 lop\u00e9ration, lajourner ou prescrire dautres intervenants pour r\u00e9aliser lop\u00e9ration. <img decoding=\"async\" src=\"http:\/\/www.ecovoyageurs.com\/media\/reviews\/photos\/original\/6c\/b8\/b5\/DSCN5964-5-1415634890.jpg\" alt=\"agence rencontre suedoise\" align=\"right\">  en, Amy Goodman, Greta Thunberg, Svante Thunberg sur 11 d\u00e9cembre 2018, 41 minutes Consult\u00e9 le 22 juillet 2019. La sc\u00e8ne se produit \u00e0 32 minutes.  Luisa am\u00e9nage dans lErmitage, le pavillon du palais Rose, un v\u00e9ritable mus\u00e9e \u00e0 sa gloire, exposant les quelque cent trente peintures, sculptures, dessins et photographies que les plus grands artistes de l\u00e9poque lui ont consacr\u00e9. Boldini, Augustus John, Van Dongen, Romaine Brooks et Zuloaga ont fait son portrait.  International Donald Trump a d\u00e9cal\u00e9 son meeting de Tulsa, qui devait avoir lieu le jour de la c\u00e9l\u00e9bration de labolition de lesclavage. Dautres meetings auront lieu, malgr\u00e9 les.. La Caroline du Sud est aussi au pire de son \u00e9pid\u00e9mie aujourdhui, dit Melissa Nolan, professeure d\u00e9pid\u00e9miologie \u00e0 luniversit\u00e9 de Caroline du Sud, en notant des foyers dinfection dans les populations marginalis\u00e9es comme les ouvriers hispaniques. Gestion su\u00e9dois : d\u00e9centralisation et responsabilisation des La pression est mont\u00e9e dun cran mardi, quand des associations de lutte contre les in\u00e9galit\u00e9s raciales ont exhort\u00e9 Amazon \u00e0 cesser toute collaboration technologique avec la police am\u00e9ricaine. <img decoding=\"async\" src=\"http:\/\/static1.purepeople.com\/articles\/8\/43\/03\/8\/@\/307556-avec-un-sourire-pareil-la-suedoise-950x0-3.jpg\" alt=\"agence rencontre suedoise\" align=\"right\"> Le 16 avril 2019, invit\u00e9e du Parlement europ\u00e9en \u00e0 clore les sessions de la Commission de lenvironnement, elle fait une longue d\u00e9claration appelant entre autres les \u00e9lecteurs europ\u00e9ens \u00e0 voter en faveur de lenvironnement au nom des jeunes qui nont pas le droit de vote : Les \u00e9lections europ\u00e9ennes approchent, et beaucoup dentre nous qui seront les plus affect\u00e9s par cette crise climatique des gens comme moi nont pas le droit de vote. Faire de votre mieux nest d\u00e9sormais plus suffisant. Nous devons tous faire le maximum de ce qui est possible Vous ne pouvez ignorer les scientifiques et les millions d\u00e9tudiants gr\u00e9vistes qui manifestent pour avoir le droit \u00e0 un futur. .<\/p>\n","protected":false},"excerpt":{"rendered":"<p>agence rencontre suedoise<\/p>\n","protected":false},"author":1,"featured_media":0,"comment_status":"closed","ping_status":"closed","sticky":false,"template":"","format":"standard","meta":{"footnotes":""},"categories":[1],"tags":[],"_links":{"self":[{"href":"http:\/\/zupnija-gomilsko.rkc.si\/journal\/wp-json\/wp\/v2\/posts\/12058"}],"collection":[{"href":"http:\/\/zupnija-gomilsko.rkc.si\/journal\/wp-json\/wp\/v2\/posts"}],"about":[{"href":"http:\/\/zupnija-gomilsko.rkc.si\/journal\/wp-json\/wp\/v2\/types\/post"}],"author":[{"embeddable":true,"href":"http:\/\/zupnija-gomilsko.rkc.si\/journal\/wp-json\/wp\/v2\/users\/1"}],"replies":[{"embeddable":true,"href":"http:\/\/zupnija-gomilsko.rkc.si\/journal\/wp-json\/wp\/v2\/comments?post=12058"}],"version-history":[{"count":1,"href":"http:\/\/zupnija-gomilsko.rkc.si\/journal\/wp-json\/wp\/v2\/posts\/12058\/revisions"}],"predecessor-version":[{"id":12059,"href":"http:\/\/zupnija-gomilsko.rkc.si\/journal\/wp-json\/wp\/v2\/posts\/12058\/revisions\/12059"}],"wp:attachment":[{"href":"http:\/\/zupnija-gomilsko.rkc.si\/journal\/wp-json\/wp\/v2\/media?parent=12058"}],"wp:term":[{"taxonomy":"category","embeddable":true,"href":"http:\/\/zupnija-gomilsko.rkc.si\/journal\/wp-json\/wp\/v2\/categories?post=12058"},{"taxonomy":"post_tag","embeddable":true,"href":"http:\/\/zupnija-gomilsko.rkc.si\/journal\/wp-json\/wp\/v2\/tags?post=12058"}],"curies":[{"name":"wp","href":"https:\/\/api.w.org\/{rel}","templated":true}]}}