
{"id":12176,"date":"2020-10-16T16:40:52","date_gmt":"2020-10-16T16:40:52","guid":{"rendered":"http:\/\/zupnija-gomilsko.rkc.si\/journal\/?p=12176"},"modified":"2020-10-04T01:45:58","modified_gmt":"2020-10-04T01:45:58","slug":"rencontre-entrepreneurs","status":"publish","type":"post","link":"http:\/\/zupnija-gomilsko.rkc.si\/journal\/2020\/10\/16\/rencontre-entrepreneurs\/","title":{"rendered":"Rencontre Entrepreneurs"},"content":{"rendered":"<p><img decoding=\"async\" src=\"http:\/\/www.saboutech.org\/wp-content\/uploads\/2018\/01\/17155898_1320691548012857_9189806924404877438_n-1.jpg\" alt=\"rencontre entrepreneurs\" align=\"left\"> Reportage Alsace 20-Semaine de lEntrepreneur Europ\u00e9en 2017 Par Publi\u00e9 le 28012019 \u00e0 17:28 Mis \u00e0 jour le 18062019 \u00e0 10:12 Jaccepte de recevoir des infos, des jeux et des offres privil\u00e8ges du site Participation au Salon des industries du futur BE 4.0 Veille des m\u00e9dias d Intelligence \u00e9conomique et sur les R\u00e9seaux Sociaux. D\u00e9velopper lesprit dinitiative des jeunes et leur faire d\u00e9couvrir le monde du travail via la rencontre avec des professionnels. Lassociation 100 000 entrepreneurs mobilise des entrepreneurs pour quils t\u00e9moignent de leur parcours et de leur exp\u00e9rience dans des classes. Ce Mercredi 5 F\u00e9vrier, les candidats \u00e0 la Mairie de Paris de D\u00e9cidons Paris sont all\u00e9s au Salon des entrepreneurs au Palais des congr\u00e8s. Ils ont pu \u00e9changer avec diff\u00e9rents acteurs de lentreprenariat pour comprendre leur r\u00e9alit\u00e9, leurs attentes et annoncer leur mesures. Programme des D\u00e9bats du Cercle-NOUVELLE DATE : Mardi 23 juin 2020  <img decoding=\"async\" src=\"http:\/\/www.eebeauce.com\/media\/80393883\/entrepreneurs-techno.jpg\" alt=\"rencontre entrepreneurs\" align=\"center\"> Lobjectif du Spring Campus est dengager le dialogue et de faire na\u00eetre des id\u00e9es et initiatives nouvelles pour faire grandir ensemble les entreprises de croissance. Quelle a \u00e9t\u00e9 la partie la plus difficile de ces 6 mois? id\u00e9es : physique, mental, m\u00e9sentente, impr\u00e9vu, Logos, sites internet, couvertures de livre bien plus encore Copyright S\u00e8vres Entreprendre Tous Droits R\u00e9serv\u00e9s Cr\u00e9ation par <img decoding=\"async\" src=\"http:\/\/www.sgcm.gouv.ht\/wp-content\/uploads\/2017\/07\/IMG-20170727-WA0010-800x445.jpg\" alt=\"rencontre entrepreneurs\" align=\"right\">   aA 11 Mai 2017 Rencontre Entrepreneurs Chercheurs Tags : Si vous souhaitez en savoir davantage sur le r\u00e9seau PANO, rendez-vous sur. Nous vous invitons \u00e0 voir ou revoir diffus\u00e9 sur TV5 Monde le jeudi 6 janvier \u00e0 21h et le lundi 10 janvier \u00e0 14h. P\u00e9pini\u00e8re 27 r\u00e9unit un \u00e9cosyst\u00e8me g\u00e9n\u00e9raliste de plus de 100 start-up, qui innovent dans tous les secteurs dactivit\u00e9. Nous pensons quil est important de soutenir et encourager les dirigeantes dentreprises membres de CroissancePlus en leur consacrant un moment privil\u00e9gi\u00e9. Int\u00e9ress\u00e9 par un secteur dactivit\u00e9 en particulier? Consultez la liste des franchises par th\u00e9matique.<\/p>\n","protected":false},"excerpt":{"rendered":"<p>rencontre entrepreneurs<\/p>\n","protected":false},"author":1,"featured_media":0,"comment_status":"closed","ping_status":"closed","sticky":false,"template":"","format":"standard","meta":{"footnotes":""},"categories":[1],"tags":[],"_links":{"self":[{"href":"http:\/\/zupnija-gomilsko.rkc.si\/journal\/wp-json\/wp\/v2\/posts\/12176"}],"collection":[{"href":"http:\/\/zupnija-gomilsko.rkc.si\/journal\/wp-json\/wp\/v2\/posts"}],"about":[{"href":"http:\/\/zupnija-gomilsko.rkc.si\/journal\/wp-json\/wp\/v2\/types\/post"}],"author":[{"embeddable":true,"href":"http:\/\/zupnija-gomilsko.rkc.si\/journal\/wp-json\/wp\/v2\/users\/1"}],"replies":[{"embeddable":true,"href":"http:\/\/zupnija-gomilsko.rkc.si\/journal\/wp-json\/wp\/v2\/comments?post=12176"}],"version-history":[{"count":1,"href":"http:\/\/zupnija-gomilsko.rkc.si\/journal\/wp-json\/wp\/v2\/posts\/12176\/revisions"}],"predecessor-version":[{"id":12177,"href":"http:\/\/zupnija-gomilsko.rkc.si\/journal\/wp-json\/wp\/v2\/posts\/12176\/revisions\/12177"}],"wp:attachment":[{"href":"http:\/\/zupnija-gomilsko.rkc.si\/journal\/wp-json\/wp\/v2\/media?parent=12176"}],"wp:term":[{"taxonomy":"category","embeddable":true,"href":"http:\/\/zupnija-gomilsko.rkc.si\/journal\/wp-json\/wp\/v2\/categories?post=12176"},{"taxonomy":"post_tag","embeddable":true,"href":"http:\/\/zupnija-gomilsko.rkc.si\/journal\/wp-json\/wp\/v2\/tags?post=12176"}],"curies":[{"name":"wp","href":"https:\/\/api.w.org\/{rel}","templated":true}]}}