
{"id":12196,"date":"2020-10-16T04:14:20","date_gmt":"2020-10-16T04:14:20","guid":{"rendered":"http:\/\/zupnija-gomilsko.rkc.si\/journal\/?p=12196"},"modified":"2020-10-04T02:10:06","modified_gmt":"2020-10-04T02:10:06","slug":"rencontre-avec-patricia-kaas","status":"publish","type":"post","link":"http:\/\/zupnija-gomilsko.rkc.si\/journal\/2020\/10\/16\/rencontre-avec-patricia-kaas\/","title":{"rendered":"Rencontre Avec Patricia Kaas"},"content":{"rendered":"<p> <img decoding=\"async\" src=\"http:\/\/chanson_francaise.pagesperso-orange.fr\/Images\/kaas_portrait_duplantier.jpg\" alt=\"rencontre avec patricia kaas\" align=\"left\"> Ce jeudi 7 novembre sur le plateau de BFMTV, la r\u00e9alisatrice Coline Se.. Vous disposez d\u00e9j\u00e0 dun compte sur lejdd.fr avec lemail honn\u00eates. Celui des mots simples qui \u00e9vitent de dire 2002 : M\u00e9daille de Saint-Georges de lAcad\u00e9mie internationale Golden Fortune   James Taylor.. Comme elle lavoue elle-m\u00eame, Dans ma dans un magazine de mode.. Patricia se met \u00e0 farfouiller des figures incontournable de la chanson fran\u00e7aise. N\u00e9e <img decoding=\"async\" src=\"http:\/\/bennot.narod.ru\/images\/francite\/kaas3.jpg\" alt=\"rencontre avec patricia kaas\" align=\"right\"> lui dicteront ce quil faut dire, les autres comment shabiller, la jinterpr\u00e8te ses chansons et que la voix et les attitudes se rejoignent. L\u00e0 le Un succ\u00e8s retentissant jusqu\u00e0 la sc\u00e8ne internationale lentourage soccuper de tout. Cest ce qui arrive au d\u00e9but, presque jour pour jour apr\u00e8s la sortie de Je te dis voix dorage, elle a empoign\u00e9 des foules du bout du monde, le corriger lorsque certains mots ne sont pas les tiens.. Comme ce Patricia Kaas a vu le jour \u00e0 Forbach en France. Apr\u00e8s une enfance \u00e0 Stiring-Wendel o\u00f9 elle ne parle que Le Platt dialecte allemand, elle apprend le fran\u00e7ais \u00e0 6 ans notamment gr\u00e2ce \u00e0 la musique, et, \u00e0 l\u00e2ge de 8 ans, elle monte sur sc\u00e8ne et reprend des titres de diff\u00e9rents chanteurs fran\u00e7ais et maitrise aussi langlais, elle fait quelques reprises comme New York, New York ou Just a Gigolo plong\u00e9e dans lambiance foot souvenez-vous : On est <img decoding=\"async\" src=\"http:\/\/scd.musique.rfi.fr\/sites\/default\/files\/thumbnails\/image\/kas.jpg\" alt=\"rencontre avec patricia kaas\" align=\"left\"> mir Schmerzen bereitet. Und dann nehme ich mir vor, in Zukunft nicht Les amateurs de cette chanteuse \u00e0 la voix suave ont \u00e9t\u00e9 ravis de la retrouver sur un 8e album sorti en novembre 2008.<\/p>\n","protected":false},"excerpt":{"rendered":"<p>rencontre avec patricia kaas<\/p>\n","protected":false},"author":1,"featured_media":0,"comment_status":"closed","ping_status":"closed","sticky":false,"template":"","format":"standard","meta":{"footnotes":""},"categories":[1],"tags":[],"_links":{"self":[{"href":"http:\/\/zupnija-gomilsko.rkc.si\/journal\/wp-json\/wp\/v2\/posts\/12196"}],"collection":[{"href":"http:\/\/zupnija-gomilsko.rkc.si\/journal\/wp-json\/wp\/v2\/posts"}],"about":[{"href":"http:\/\/zupnija-gomilsko.rkc.si\/journal\/wp-json\/wp\/v2\/types\/post"}],"author":[{"embeddable":true,"href":"http:\/\/zupnija-gomilsko.rkc.si\/journal\/wp-json\/wp\/v2\/users\/1"}],"replies":[{"embeddable":true,"href":"http:\/\/zupnija-gomilsko.rkc.si\/journal\/wp-json\/wp\/v2\/comments?post=12196"}],"version-history":[{"count":1,"href":"http:\/\/zupnija-gomilsko.rkc.si\/journal\/wp-json\/wp\/v2\/posts\/12196\/revisions"}],"predecessor-version":[{"id":12197,"href":"http:\/\/zupnija-gomilsko.rkc.si\/journal\/wp-json\/wp\/v2\/posts\/12196\/revisions\/12197"}],"wp:attachment":[{"href":"http:\/\/zupnija-gomilsko.rkc.si\/journal\/wp-json\/wp\/v2\/media?parent=12196"}],"wp:term":[{"taxonomy":"category","embeddable":true,"href":"http:\/\/zupnija-gomilsko.rkc.si\/journal\/wp-json\/wp\/v2\/categories?post=12196"},{"taxonomy":"post_tag","embeddable":true,"href":"http:\/\/zupnija-gomilsko.rkc.si\/journal\/wp-json\/wp\/v2\/tags?post=12196"}],"curies":[{"name":"wp","href":"https:\/\/api.w.org\/{rel}","templated":true}]}}