
{"id":12334,"date":"2020-10-16T07:14:19","date_gmt":"2020-10-16T07:14:19","guid":{"rendered":"http:\/\/zupnija-gomilsko.rkc.si\/journal\/?p=12334"},"modified":"2020-10-04T06:40:19","modified_gmt":"2020-10-04T06:40:19","slug":"rencontre-marginaux","status":"publish","type":"post","link":"http:\/\/zupnija-gomilsko.rkc.si\/journal\/2020\/10\/16\/rencontre-marginaux\/","title":{"rendered":"Rencontre Marginaux"},"content":{"rendered":"<p><img decoding=\"async\" src=\"http:\/\/lespetitsmotsdeslibraires.fr\/wp-content\/uploads\/2017\/05\/Ch%C3%A8re-Brigande-Mich%C3%A8le-Lesbre-Les-Petits-Mots-des-Libraires-Chronique-05-2017.jpg\" alt=\"rencontre marginaux\" align=\"right\"> En 2010, pour le New Yorker, il raconta la saga de cette bande de voleurs de bijoux \u00e0 hauteur de 250 millions de dollars venus de Serbie et du Mont\u00e9n\u00e9gro. Car pour Samuels, ceux quil nomme les marginaux, ces \u00eatres fracass\u00e9s, criminels, \u00e9tranges, inclassables, sont le sel m\u00eame du journalisme et de la litt\u00e9rature, ceux quil faut d\u00e9fendre contre toute forme de norme. Des personnages impossibles \u00e0 cat\u00e9goriser La th\u00e9orie de lutilit\u00e9 marginale est lid\u00e9e selon laquelle la valeur des biens de consommation est proportionnelle \u00e0 leur utilit\u00e9 marginale, lid\u00e9e dapr\u00e8s laquelle la valeur d\u00e9pend de lutilit\u00e9 des services escompt\u00e9s.  Lors de la consultation dun article, vous pouvez \u00e9galement double-cliquer sur un mot afin dafficher sa d\u00e9finition. Travaillant le contraste entre le monde de la nuit et celui de la journ\u00e9e, le film sint\u00e9resse \u00e0 une certaine jeunesse de d\u00e9class\u00e9s et marginaux, qui vivent essentiellement une fois la nuit tomb\u00e9e. Hesperum recommande ainsi un conseil strat\u00e9gique en organisation pour mettre en place des mesures pertinentes, fiables et p\u00e9rennes en fonction des sp\u00e9cificit\u00e9s de chaque structure ou des exigences impos\u00e9es par leur environnement. Valoriser lhumain pour d\u00e9velopper la s\u00e9r\u00e9nit\u00e9 des collaborateurs  Premi\u00e8re rencontre du programme de recherche triennal Italie-France-Allemagne : Il lato oscuro della Tarda Antichit\u00e0. Marginalit\u00e0 e integrazione delle correnti esoteriche nella spiritualit\u00e0 filosofica dei secoli II-VI La premi\u00e8re rencontre du programme.. La propri\u00e9t\u00e9 des coop\u00e9ratives destive constitu\u00e9es par les \u00e9leveurs de la p\u00e9riph\u00e9rie du massif <img decoding=\"async\" src=\"http:\/\/blog.etudesmirail.com\/wp-content\/uploads\/Palaisi-Robert.jpg\" alt=\"rencontre marginaux\" align=\"right\"> Est-que le tonnage des ordures m\u00e9nag\u00e8res incin\u00e9r\u00e9es a augment\u00e9 durant le confinement? ainsi quaux domaines du sport et du divertissement. Rencontre : en plein d\u00e9sert californien, Laura Henno a photographi\u00e9 un camp de marginaux La photographe passe plusieurs mois par an depuis bient\u00f4t trois ans \u00e0 Slab City, un lieu de r\u00e9sistance plein dantagonismes. Preuve que le sujet d\u00e9passait hier les clivages politiques, St\u00e9phanie Randazzo, pr\u00e9sidente de Cap 2000 et membre de lopposition, se chargera de r\u00e9diger la p\u00e9tition. Les commer\u00e7ants sont partants, mais rappellent que cela a d\u00e9j\u00e0 \u00e9t\u00e9 fait lan dernier. Vous avez fait le minimum en venant ici. Maintenant, on attend de vous le maximum, lance une autre commer\u00e7ante \u00e0 lattention des repr\u00e9sentants de la ville. Cest dans ce film quon retrouve la c\u00e9l\u00e8bre r\u00e9plique entre Jean Gabin Jean et Mich\u00e8le Morgan Nelly, qui furent \u00e9galement amants \u00e0 la ville : Tas dbeaux yeux, tu sais Le saviez-vous? AL\u00c8S Les marginaux du centre-ville pr\u00e9occupent \u00e9lus et commer\u00e7ants Objectif Gard Roman parfait pour d\u00e9couvrir Seicho Matsumoto, consid\u00e9r\u00e9 comme le George Simenon japonais gr\u00e2ce \u00e0 son extraordinaire capacit\u00e9.. Internet Marseille : La s\u00e9rie Netflix avec G\u00e9rard Depardieu et Beno\u00eet Magimel revient ce.. Cin\u00e9ma Kaamelott : Le tournage du premier film va commencer Contrat de travail : contrat pass\u00e9 entre un salari\u00e9 et un employeur, d\u00e9finissant les droits et les devoirs de chacun. Programme des D\u00e9bats du Cercle-NOUVELLE DATE : Mardi 23 juin 2020 W oparciu o wytyczne dotycz\u0105ce funkcjonowania dom\u00f3w, centr\u00f3w i o\u015brodk\u00f3w kultury w trakcie epidemii COVID-19 w Polsce oraz na podstawie Rozporz\u0105dzenia..  RICARD D, 1994, Les montagnes fromag\u00e8res en France, CERAMAC, Universit\u00e9 Blaise Pascal, Clermont-Ferrand, 495 p. <img decoding=\"async\" src=\"http:\/\/static.lexpress.fr\/medias_607\/w_1520,h_855,c_fill,g_north\/v1404830524\/1-1125_311013.jpg\" alt=\"rencontre marginaux\" align=\"center\">.<\/p>\n","protected":false},"excerpt":{"rendered":"<p>rencontre marginaux<\/p>\n","protected":false},"author":1,"featured_media":0,"comment_status":"closed","ping_status":"closed","sticky":false,"template":"","format":"standard","meta":{"footnotes":""},"categories":[1],"tags":[],"_links":{"self":[{"href":"http:\/\/zupnija-gomilsko.rkc.si\/journal\/wp-json\/wp\/v2\/posts\/12334"}],"collection":[{"href":"http:\/\/zupnija-gomilsko.rkc.si\/journal\/wp-json\/wp\/v2\/posts"}],"about":[{"href":"http:\/\/zupnija-gomilsko.rkc.si\/journal\/wp-json\/wp\/v2\/types\/post"}],"author":[{"embeddable":true,"href":"http:\/\/zupnija-gomilsko.rkc.si\/journal\/wp-json\/wp\/v2\/users\/1"}],"replies":[{"embeddable":true,"href":"http:\/\/zupnija-gomilsko.rkc.si\/journal\/wp-json\/wp\/v2\/comments?post=12334"}],"version-history":[{"count":1,"href":"http:\/\/zupnija-gomilsko.rkc.si\/journal\/wp-json\/wp\/v2\/posts\/12334\/revisions"}],"predecessor-version":[{"id":12335,"href":"http:\/\/zupnija-gomilsko.rkc.si\/journal\/wp-json\/wp\/v2\/posts\/12334\/revisions\/12335"}],"wp:attachment":[{"href":"http:\/\/zupnija-gomilsko.rkc.si\/journal\/wp-json\/wp\/v2\/media?parent=12334"}],"wp:term":[{"taxonomy":"category","embeddable":true,"href":"http:\/\/zupnija-gomilsko.rkc.si\/journal\/wp-json\/wp\/v2\/categories?post=12334"},{"taxonomy":"post_tag","embeddable":true,"href":"http:\/\/zupnija-gomilsko.rkc.si\/journal\/wp-json\/wp\/v2\/tags?post=12334"}],"curies":[{"name":"wp","href":"https:\/\/api.w.org\/{rel}","templated":true}]}}