
{"id":12362,"date":"2020-10-16T16:45:54","date_gmt":"2020-10-16T16:45:54","guid":{"rendered":"http:\/\/zupnija-gomilsko.rkc.si\/journal\/?p=12362"},"modified":"2020-10-04T07:11:21","modified_gmt":"2020-10-04T07:11:21","slug":"caen-rencontres-urbanisme","status":"publish","type":"post","link":"http:\/\/zupnija-gomilsko.rkc.si\/journal\/2020\/10\/16\/caen-rencontres-urbanisme\/","title":{"rendered":"Caen Rencontres Urbanisme"},"content":{"rendered":"<p>Au del\u00e0 de ceux qui accueillent habituellement la biennale, cette ann\u00e9e sera encore loccasion de d\u00e9couvrir de nouveaux lieux. Et collaboratifs, des de\u0301bats, des temps conviviaux et des ame\u0301nagements temporaires dans lespace public. Ces interventions re\u0301pondent dans un premier temps a\u0300 des besoins urgents dame\u0301nite\u0301s dans les espaces communs et permettront ensuite de tester des usages et sce\u0301nario dame\u0301nagement. Ou le changement de destination dune partie des locaux. CNMEER1-2020 : Premi\u00e8re Conf\u00e9rence Nationale sur Les Mat\u00e9riaux, lEnvironnement et les Energies Renouvelables 6Les jeunes chercheuses et chercheurs du Centre de recherche sur les droits fondamentaux et les \u00e9volutions du droit de luniversit\u00e9 de Caen Normandie Aurore Catherine, Alexia David, Yann Paquier, David Poinsignon et David Vicomte ont cette ann\u00e9e encore r\u00e9dig\u00e9 une tr\u00e8s compl\u00e8te chronique de jurisprudence du Conseil constitutionnel, qui permet de faire le point sur les apports du contentieux constitutionnel intervenus durant lann\u00e9e 2015, en mettant en avant trois contentieux sp\u00e9cifiques consacr\u00e9s \u00e0 la libert\u00e9 dentreprendre, au principe d\u00e9galit\u00e9 et \u00e0 la protection des libert\u00e9s dans le cadre de la l\u00e9gislation de l\u00e9tat durgence et de la lutte contre le terrorisme. Cette chronique est cette ann\u00e9e encore compl\u00e9t\u00e9e par celles consacr\u00e9es aux droits des \u00e9trangers Guillaume Dujardin et \u00e0 la jurisprudence de la Cour interam\u00e9ricaine des droits de lhomme Marie Rota. \u00c0 partir de cette ann\u00e9e, cette partie Chroniques est \u00e9toff\u00e9e et accueille une pr\u00e9sentation de la jurisprudence de la Cour europ\u00e9enne des droits de lhomme relative aux prisons pour les ann\u00e9es 2014-2015 Jean-Manuel Larralde, qui sera \u00e9dit\u00e9e dans les Cahiers \u00e0 un rythme bisannuel. Cette section est vide, insuffisamment d\u00e9taill\u00e9e ou incompl\u00e8te. Est la bienvenue! Monsieur \u00c9ric Leroy du Cardonnoy Directeur du CIREVE 14h25-14h50 : Jean-Paul Thuillier ENS, Paris : Le si\u00e8ge des quatre factions du cirque au Champ de Mars Retour sur les fouilles du Palais Farn\u00e8se 1974 Guide des D\u00e9chets m\u00e9nagers Comment trier, recycler, valoriser.. Mod\u00e9lisation et simulation-M\u00e9canique des fluides-Thermique archive Wikiwix du site www.basse-normandie.ecologie.gouv.fr Campus des transitions-CaenNicolas ESCACH-Directeur  Ecole Nationale Sup\u00e9rieure dArchitecture de Grenoble des projets urbains un temps collectif et partag\u00e9. IN SITU se d\u00e9roule cette ann\u00e9e dans plusieurs lieux de lagglom\u00e9ration. Parcoursup : classement des \u00e9coles nationales sup\u00e9rieures darchitecture 7 Exon\u00e9ration de cotisation fonci\u00e8re des entreprises en faveur des \u00e9tablissements de spectacles cin\u00e9matographiques SLAMM : GDR-SLAMM : GdR SLAMM-Solliciter LA Mati\u00e8re Molle <img decoding=\"async\" src=\"http:\/\/www.unicaen.fr\/recherche\/mrsh\/sites\/default\/files\/public\/node\/manifestations\/paulcheney.jpg\" alt=\"caen rencontres urbanisme\" align=\"left\"> Sylvain Guy et Guillaume Hazet, associ\u00e9s et co-fondateurs de lAtelier Architectes, vous accompagnent pour une visite architecturale du Mus\u00e9e Stella Matutina, r\u00e9habilit\u00e9 par leurs soins. Une belle occasion pour ces architectes de raconter les cinq ann\u00e9es de m\u00e9tamorphose du Mus\u00e9e, r\u00e9compens\u00e9 en 2017 pour son ing\u00e9nieux syst\u00e8me de ventilation naturelle.  2 Rapport annuel 2016 sur le prix et la qualit\u00e9 du service public de collecte et d\u00e9limination des d\u00e9chets m\u00e9nagers INCA20PERCEVAL : International PERCEVAL Workshop on High-Pressure Combustion et Colloque de lINitiative en Combustion Avanc\u00e9e-INCA  <img decoding=\"async\" src=\"http:\/\/invite.icablim.com\/xmedia\/admin\/vivre\/urbanisme\/ZACmultisites\/Fontaine%20Blanche.jpg\" alt=\"caen rencontres urbanisme\" align=\"center\"> <img decoding=\"async\" src=\"http:\/\/caen.fr\/sites\/default\/files\/styles\/image_adresse\/public\/images\/evenement\/17\/08\/republique.jpg\" alt=\"caen rencontres urbanisme\" align=\"left\">.<\/p>\n","protected":false},"excerpt":{"rendered":"<p>caen rencontres urbanisme<\/p>\n","protected":false},"author":1,"featured_media":0,"comment_status":"closed","ping_status":"closed","sticky":false,"template":"","format":"standard","meta":{"footnotes":""},"categories":[1],"tags":[],"_links":{"self":[{"href":"http:\/\/zupnija-gomilsko.rkc.si\/journal\/wp-json\/wp\/v2\/posts\/12362"}],"collection":[{"href":"http:\/\/zupnija-gomilsko.rkc.si\/journal\/wp-json\/wp\/v2\/posts"}],"about":[{"href":"http:\/\/zupnija-gomilsko.rkc.si\/journal\/wp-json\/wp\/v2\/types\/post"}],"author":[{"embeddable":true,"href":"http:\/\/zupnija-gomilsko.rkc.si\/journal\/wp-json\/wp\/v2\/users\/1"}],"replies":[{"embeddable":true,"href":"http:\/\/zupnija-gomilsko.rkc.si\/journal\/wp-json\/wp\/v2\/comments?post=12362"}],"version-history":[{"count":1,"href":"http:\/\/zupnija-gomilsko.rkc.si\/journal\/wp-json\/wp\/v2\/posts\/12362\/revisions"}],"predecessor-version":[{"id":12363,"href":"http:\/\/zupnija-gomilsko.rkc.si\/journal\/wp-json\/wp\/v2\/posts\/12362\/revisions\/12363"}],"wp:attachment":[{"href":"http:\/\/zupnija-gomilsko.rkc.si\/journal\/wp-json\/wp\/v2\/media?parent=12362"}],"wp:term":[{"taxonomy":"category","embeddable":true,"href":"http:\/\/zupnija-gomilsko.rkc.si\/journal\/wp-json\/wp\/v2\/categories?post=12362"},{"taxonomy":"post_tag","embeddable":true,"href":"http:\/\/zupnija-gomilsko.rkc.si\/journal\/wp-json\/wp\/v2\/tags?post=12362"}],"curies":[{"name":"wp","href":"https:\/\/api.w.org\/{rel}","templated":true}]}}