
{"id":12452,"date":"2020-10-16T00:50:41","date_gmt":"2020-10-16T00:50:41","guid":{"rendered":"http:\/\/zupnija-gomilsko.rkc.si\/journal\/?p=12452"},"modified":"2020-10-04T09:40:14","modified_gmt":"2020-10-04T09:40:14","slug":"rencontre-avec-baptiste-giabiconi","status":"publish","type":"post","link":"http:\/\/zupnija-gomilsko.rkc.si\/journal\/2020\/10\/16\/rencontre-avec-baptiste-giabiconi\/","title":{"rendered":"Rencontre Avec Baptiste Giabiconi"},"content":{"rendered":"<p><img decoding=\"async\" src=\"http:\/\/www.hay16.com\/upload\/7J97ZQ9hzTU\/baptiste-giabiconi-on-n39est-pas-couche-27-octobre-2012-onpc.jpg\" alt=\"rencontre avec baptiste giabiconi\" align=\"left\"> \u00c7a vous emb\u00eate si on fait quelques photos nues?  PourSortir avec Les Derni\u00e8res Nouvelles dAlsace Publi\u00e9 le 11082014 \u00e0 20:42 Mis \u00e0 jour le 03082014 \u00e0 18:50 <img decoding=\"async\" src=\"http:\/\/statique.lamarseillaise.fr\/media\/k2\/items\/cache\/02cb25e5a2a4b51ef9d48934059b68de_L.jpg\" alt=\"rencontre avec baptiste giabiconi\" align=\"center\"> Du stress, jai mal aux cervicales \u00e0 force d\u00eatre partout \u00e0 la fois. Si a photographi\u00e9 plus de 10 000 fois son poulain, la toute premi\u00e8re s\u00e9ance photo aura marqu\u00e9 \u00e0 jamais le mannequin. Il explique : \u00e7 a ne fait m\u00eame pas une demi-heure quon sest rencontr\u00e9 avec Karl, il me demande dabord Baptiste, vous \u00eates bien majeur, vous avez bien 18 ans, on est daccord. Les photos sencha\u00eenent, et la magie op\u00e8re. Baptiste Giabiconi participe \u00e0 la version c\u00e9l\u00e9brit\u00e9s de l\u00e9mission sur en 2018. Il est \u00e9limin\u00e9 au premier tour. Je continue mais je fais beaucoup plus de campagnes de publicit\u00e9 aujourdhui. Jai envie de m\u00e9panouir dans la musique et de me donner \u00e0 fond pour r\u00e9ussir. Vous \u00eates bien inscrite \u00e0 la newsletter avec ladresse :  Baptiste Giabiconi, mannequin marseillais de 22 ans, va sinscrire sur le site communautaire My Major Company pour produire son premier album, Oxyg\u00e8ne. Baptiste Giabiconi : Karl Lagerfeld voulait ladopter, quen pensaient ses parents? <img decoding=\"async\" src=\"http:\/\/static1.purebreak.com\/articles\/4\/42\/74\/4\/@\/127311-katy-perry-en-couple-avec-baptiste-diapo-2.jpg\" alt=\"rencontre avec baptiste giabiconi\" align=\"right\"> Aujourdhui, Baptiste Giabiconi est de retour avec un nouvel opus intitul\u00e9 Un homme libre, un disque en fran\u00e7ais cette fois, pour lequel il sest investit pleinement en signant 10 textes sur 14 notamment. Malgr\u00e9 un emploi du temps tr\u00e8s charg\u00e9, mesdemoiselles peuvent se rassurer, le jeune homme ne laisse jamais ses fans sans nouvelles bien longtemps Lartiste introduira son premier ouvrage dans lequel il se livre sur sa relation privil\u00e9gi\u00e9e avec le Directeur Artistique de la maison CHANEL et FENDI, Karl Lagerfeld. Des technologies puissantes d\u00e9di\u00e9es aux marques et aux agences.  Message en cas derreur au focus sur le champ Veuillez saisir le code de s\u00e9curit\u00e9 ci-dessous : Tes-tu de\u0301ja\u0300 demande\u0301 ce quil pouvait bien te trouver? Rencontre avec Baptiste Giabiconi pour son livre Karl et moi\u00c9ditions Robert Laffont. R\u00e9pondez \u00e0 la question suivante pour participer au jeu concours. Il est l\u00e9g\u00e9rie de la marque de casques audio Monster.<\/p>\n","protected":false},"excerpt":{"rendered":"<p>rencontre avec baptiste giabiconi<\/p>\n","protected":false},"author":1,"featured_media":0,"comment_status":"closed","ping_status":"closed","sticky":false,"template":"","format":"standard","meta":{"footnotes":""},"categories":[1],"tags":[],"_links":{"self":[{"href":"http:\/\/zupnija-gomilsko.rkc.si\/journal\/wp-json\/wp\/v2\/posts\/12452"}],"collection":[{"href":"http:\/\/zupnija-gomilsko.rkc.si\/journal\/wp-json\/wp\/v2\/posts"}],"about":[{"href":"http:\/\/zupnija-gomilsko.rkc.si\/journal\/wp-json\/wp\/v2\/types\/post"}],"author":[{"embeddable":true,"href":"http:\/\/zupnija-gomilsko.rkc.si\/journal\/wp-json\/wp\/v2\/users\/1"}],"replies":[{"embeddable":true,"href":"http:\/\/zupnija-gomilsko.rkc.si\/journal\/wp-json\/wp\/v2\/comments?post=12452"}],"version-history":[{"count":1,"href":"http:\/\/zupnija-gomilsko.rkc.si\/journal\/wp-json\/wp\/v2\/posts\/12452\/revisions"}],"predecessor-version":[{"id":12453,"href":"http:\/\/zupnija-gomilsko.rkc.si\/journal\/wp-json\/wp\/v2\/posts\/12452\/revisions\/12453"}],"wp:attachment":[{"href":"http:\/\/zupnija-gomilsko.rkc.si\/journal\/wp-json\/wp\/v2\/media?parent=12452"}],"wp:term":[{"taxonomy":"category","embeddable":true,"href":"http:\/\/zupnija-gomilsko.rkc.si\/journal\/wp-json\/wp\/v2\/categories?post=12452"},{"taxonomy":"post_tag","embeddable":true,"href":"http:\/\/zupnija-gomilsko.rkc.si\/journal\/wp-json\/wp\/v2\/tags?post=12452"}],"curies":[{"name":"wp","href":"https:\/\/api.w.org\/{rel}","templated":true}]}}