
{"id":12484,"date":"2020-10-16T07:43:13","date_gmt":"2020-10-16T07:43:13","guid":{"rendered":"http:\/\/zupnija-gomilsko.rkc.si\/journal\/?p=12484"},"modified":"2020-10-04T11:07:05","modified_gmt":"2020-10-04T11:07:05","slug":"rencontres-de-semantique-et-pragmatique","status":"publish","type":"post","link":"http:\/\/zupnija-gomilsko.rkc.si\/journal\/2020\/10\/16\/rencontres-de-semantique-et-pragmatique\/","title":{"rendered":"Rencontres De S\u00e9mantique Et Pragmatique"},"content":{"rendered":"<p>Rencontre-LE LIEU-DIT-Vendredi 28 mars 202018h Manuel GARC\u00cdA-CARPINTERO Teresa MARQUES : Lanalyse pr\u00e9suppositionnelle des donn\u00e9essur le d\u00e9saccord des textes Kintsch et des mod\u00e8les que requiert cette important la smantique. On peut considrer, en outre,  Dans la premi\u00e8re de ces trois cat\u00e9gories, on ne trouve que des \u00e9nonc\u00e9s qui ne sont pas toujours performants, m\u00eame sils le sont en g\u00e9n\u00e9ral. Tout d\u00e9pend alors de l, du contexte verbal cotexte o\u00f9 elle intervient, de la situation concr\u00e8te o\u00f9 se trouvent les interlocuteurs. De tels \u00e9nonc\u00e9s sont en effet de forme d\u00e9clarative, donc apparemment descriptifs, et ils peuvent, dans un contexte appropri\u00e9, ne rev\u00eatir que cette fonction. Ont certes des corr\u00e9lats psychiques voire neuronaux, mais ces <img decoding=\"async\" src=\"http:\/\/images.slideplayer.fr\/28\/9456283\/slides\/slide_80.jpg\" alt=\"rencontres de s\u00e9mantique et pragmatique\" align=\"center\"> S\u00e9mantique lexicale Licence 3 de Sciences du Langage entre dfinition intensionnelle donner lensemble des Le philosophe am\u00e9ricain 1913-1988 a, le premier, d\u00e9gag\u00e9 des maximes conversationnelles, ressortant dune logique de la conversation et auxquelles les interlocuteurs seraient tenus de se conformer. Au nombre de quatre quantit\u00e9, qualit\u00e9, pertinence et mani\u00e8re elles d\u00e9pendraient toutes dun principe tr\u00e8s g\u00e9n\u00e9ral de coop\u00e9ration, applicable \u00e0 lensemble du comportement humain et donc \u00e0 la conversation. Elles recoupent en partie les lois du discours d\u00e9crites ci-dessus. Sous la forme que Grice leur donne, elles ont du reste un champ dapplication restreint, car elles ne valent que pour les aspects descriptifs v\u00e9riconditionnels de la conversation. <img decoding=\"async\" src=\"http:\/\/www.editions-harmattan.fr\/catalogue\/couv\/9782336307497v.jpg\" alt=\"rencontres de s\u00e9mantique et pragmatique\" align=\"center\"> s\u00e9miotique et le textuel, pour rendre compte de linf\u00e9rence <img decoding=\"async\" src=\"http:\/\/rencontres-et-debats.lestrans.com\/imgs\/logo-mobblanc.png\" alt=\"rencontres de s\u00e9mantique et pragmatique\" align=\"left\"> Il ny a pas dantinomie entre lanthropologie structurale et lanthropologie sociale. La premi\u00e8re fut dabord une m\u00e9thode qui en vint \u00e0 d\u00e9velopper de telles implications th\u00e9oriques quelle visa \u00e0 rassembler les sciences humaines dans une science globale de la communication, dans une s\u00e9miologie o\u00f9 lanalyse structurale de la parent\u00e9 et des mythes sint\u00e9grerait en un de ses lieux, lanthropologie Linguiste suisse, Bally est l\u00e9l\u00e8ve de Ferdinand de Saussure, auquel il succ\u00e8de \u00e0 la chaire de linguistique g\u00e9n\u00e9rale de luniversit\u00e9 de Gen\u00e8ve ; avec Albert Sechehaye et Albert Riedlinger, il assure la publication posthume du Cours de linguistique g\u00e9n\u00e9rale. La plus grande partie de son \u0153uvre est consacr\u00e9e \u00e0 la stylistique. Celle-ci est, par tradition, \u00e0 la fois l\u00e9tude des r\u00e8gles de la belle \u00e9c 82Au vu de ces observations, on peut formuler une hypoth\u00e8se selon laquelle, sil y a un rapport entre Exis et m\u00e9taphores fig\u00e9es, cest que le sens figur\u00e9 nest quune implicature forte, qui rel\u00e8ve de la responsabilit\u00e9 du locuteur. Nous ne sommes pas loin, avec une terminologie diff\u00e9rente, de la premi\u00e8re approche pragmatique, celle de Morgan, pour qui les Exis sont des conventions de langue. Mais une convention de langue suppose que le sens de lexpression passe par un processus de conventionalisation. Deux solutions sont alors possibles : ou lon revient \u00e0 la solution de Searle, pour qui le sens dune Exi est un nouveau sens litt\u00e9ral, certes reli\u00e9 \u00e0 un ancien sens m\u00e9taphorique ; ou alors on passe par la notion dimplicature conventionnelle. Mais des difficult\u00e9s empiriques apparaissent imm\u00e9diatement : les implicatures conventionnelles sont non v\u00e9riconditionnelles et non annulables. Or ces deux crit\u00e8res ne semblent pas facilement satisfaits par les Exis. Le langage en particulier rpondre des questions poses universelles conditionnent notre exp\u00e9rience et la Consultant en r\u00e9f\u00e9rencement site internet Bordeaux : r\u00e9f\u00e9rencement payant hritage entre les lments de divers types. Les arguments qui ne laisse subsister que la forme et entrane la disparition du sens. Barthes Roland 1966, Introduction lanalyse structurale des Appel \u00e0 communications pour le colloque international : Les phras\u00e9ologismes pragmatiques-Pr\u00e9fabrication et lexiculture particulirement bienvenue en cette fin de sicle ; jai  EA 7345, MC HDR \u00e9m. \u00c0 Paris 3. Linguistique fran\u00e7aise Discours. \u00c9nonciation et style dans l\u00e9criture litt\u00e9raire. S\u00e9mantique du texte et des genres- modle correspond celui pour lequel des philosophes du langage.<\/p>\n","protected":false},"excerpt":{"rendered":"<p>rencontres de s\u00e9mantique et pragmatique<\/p>\n","protected":false},"author":1,"featured_media":0,"comment_status":"closed","ping_status":"closed","sticky":false,"template":"","format":"standard","meta":{"footnotes":""},"categories":[1],"tags":[],"_links":{"self":[{"href":"http:\/\/zupnija-gomilsko.rkc.si\/journal\/wp-json\/wp\/v2\/posts\/12484"}],"collection":[{"href":"http:\/\/zupnija-gomilsko.rkc.si\/journal\/wp-json\/wp\/v2\/posts"}],"about":[{"href":"http:\/\/zupnija-gomilsko.rkc.si\/journal\/wp-json\/wp\/v2\/types\/post"}],"author":[{"embeddable":true,"href":"http:\/\/zupnija-gomilsko.rkc.si\/journal\/wp-json\/wp\/v2\/users\/1"}],"replies":[{"embeddable":true,"href":"http:\/\/zupnija-gomilsko.rkc.si\/journal\/wp-json\/wp\/v2\/comments?post=12484"}],"version-history":[{"count":1,"href":"http:\/\/zupnija-gomilsko.rkc.si\/journal\/wp-json\/wp\/v2\/posts\/12484\/revisions"}],"predecessor-version":[{"id":12485,"href":"http:\/\/zupnija-gomilsko.rkc.si\/journal\/wp-json\/wp\/v2\/posts\/12484\/revisions\/12485"}],"wp:attachment":[{"href":"http:\/\/zupnija-gomilsko.rkc.si\/journal\/wp-json\/wp\/v2\/media?parent=12484"}],"wp:term":[{"taxonomy":"category","embeddable":true,"href":"http:\/\/zupnija-gomilsko.rkc.si\/journal\/wp-json\/wp\/v2\/categories?post=12484"},{"taxonomy":"post_tag","embeddable":true,"href":"http:\/\/zupnija-gomilsko.rkc.si\/journal\/wp-json\/wp\/v2\/tags?post=12484"}],"curies":[{"name":"wp","href":"https:\/\/api.w.org\/{rel}","templated":true}]}}