
{"id":12504,"date":"2020-10-16T17:41:47","date_gmt":"2020-10-16T17:41:47","guid":{"rendered":"http:\/\/zupnija-gomilsko.rkc.si\/journal\/?p=12504"},"modified":"2020-10-04T11:25:04","modified_gmt":"2020-10-04T11:25:04","slug":"job-rencontre-espace-champerret","status":"publish","type":"post","link":"http:\/\/zupnija-gomilsko.rkc.si\/journal\/2020\/10\/16\/job-rencontre-espace-champerret\/","title":{"rendered":"Job Rencontre Espace Champerret"},"content":{"rendered":"<p> O\u00f9 et quand : A Lyon, au Centre des Congr\u00e8s le 20 septembre, \u00e0 Bordeaux, au Hangar 14, le 8 octobre 2018. <img decoding=\"async\" src=\"http:\/\/static1.terrafemina.com\/articles\/7\/81\/30\/7\/@\/75732-clasico-om-psg-la-meteo-de-doria-tillier-video-600x315-1.jpg\" alt=\"job rencontre espace champerret\" align=\"right\">&#8212;&#8212;&#8212;&#8212;&#8212;&#8212;&#8212;&#8212;&#8212;&#8212;&#8212;&#8211;priv\u00e9es et publiques, PME-PMI, TPE, agences dint\u00e9rim qui sont \u00e0 la recherche de profils diversifi\u00e9s Mercredi 22 mai 2013 de 9h \u00e0 13h30 Salon de lalternance Foyer Fran\u00e7ois Albert Rue Fernand Bar 62400 B\u00e9thune La ville de B\u00e9thune organise le Mercredi 22 mai 2013 de 9h \u00e0 13h30 son Salon de lalternance au Foyer Fran\u00e7ois Albert Rue Fernand Bar 62400 B\u00e9thune. Les entreprises Chaque ann\u00e9e, 150 000 postes de commerciaux restent vacants, la profession souffrant dune image n\u00e9gative et quelque peu poussi\u00e9reuse. Pour s\u00e9duire et retenir les talents, les entreprises ont d\u00e9cid\u00e9 de mettre la main \u00e0 la poche. Cest ainsi que lan dernier, les commerciaux ont gagn\u00e9 en moyenne 49 800 euros annuels, un chiffre constant depuis 2016. Le salon des 10 000 emplois : un job dating pour satisfaire les candidats-Rebondir Les offres demplois sont destin\u00e9es \u00e0 un public diversifi\u00e9, titulaires du Bac \u00e0 Bac5. Y sont propos\u00e9s des CDD, CDI, postes en Int\u00e9rim et en alternance-Assistant technique ding\u00e9nieur, directeur, Responsable bureau d\u00e9tudes, Dessinateur projeteur, Chef de groupe, Ing\u00e9nieur, chef de projet, r\u00e9dacteur technique Parking Indigo-4 Avenue de la Porte de Champerret Acc\u00e9dez aux donn\u00e9es historiques en illimit\u00e9 et sans publicit\u00e9.  <img decoding=\"async\" src=\"http:\/\/sitederencontres.date\/wp-content\/uploads\/2017\/10\/job_rencontres_lyon_2014_00.jpg\" alt=\"job rencontre espace champerret\" align=\"center\">  Lactivit\u00e9 repart, cest le moment de profiter des opportunit\u00e9s de la Rentr\u00e9e. Les m\u00e9tiers de limage, de lanimation et du multim\u00e9dia. Bus ligne 83, 84, 92 ou PC, arr\u00eat Porte de Champerret. Lors de cette journ\u00e9e, vous pourrez rencontrer directement, sans passer par le filtre du tri CV, les Le Parcours Apprentissage Europ\u00e9en est une formation de 24 mois en alternance pour ceux qui souhaitent entrer rapidement dans le monde professionnel. Il allie formation acad\u00e9mique et exp\u00e9rience professionnelle.Ce parcours de 24 mois en alternance offre une formation qui r\u00e9pond aux exigences du march\u00e9 du travail et aux besoins des entreprises. Apr\u00e8s une immersion \u00e0 temps plein en entreprise de 3 mois, les \u00e9tudiants alternent 1 semaine de cours et 3 semaines en entreprise. <img decoding=\"async\" src=\"http:\/\/www.redsolutor.ga\/images\/keller-sports.jpg\" alt=\"job rencontre espace champerret\" align=\"right\"> France m\u00e9tropolitaine Officiels Ressources liens utiles Emploi formation professionnelle \u00cele-de-France Sites web Recruteurs Responsables formation continue Chefs dentreprise Paris.<\/p>\n","protected":false},"excerpt":{"rendered":"<p>job rencontre espace champerret<\/p>\n","protected":false},"author":1,"featured_media":0,"comment_status":"closed","ping_status":"closed","sticky":false,"template":"","format":"standard","meta":{"footnotes":""},"categories":[1],"tags":[],"_links":{"self":[{"href":"http:\/\/zupnija-gomilsko.rkc.si\/journal\/wp-json\/wp\/v2\/posts\/12504"}],"collection":[{"href":"http:\/\/zupnija-gomilsko.rkc.si\/journal\/wp-json\/wp\/v2\/posts"}],"about":[{"href":"http:\/\/zupnija-gomilsko.rkc.si\/journal\/wp-json\/wp\/v2\/types\/post"}],"author":[{"embeddable":true,"href":"http:\/\/zupnija-gomilsko.rkc.si\/journal\/wp-json\/wp\/v2\/users\/1"}],"replies":[{"embeddable":true,"href":"http:\/\/zupnija-gomilsko.rkc.si\/journal\/wp-json\/wp\/v2\/comments?post=12504"}],"version-history":[{"count":1,"href":"http:\/\/zupnija-gomilsko.rkc.si\/journal\/wp-json\/wp\/v2\/posts\/12504\/revisions"}],"predecessor-version":[{"id":12505,"href":"http:\/\/zupnija-gomilsko.rkc.si\/journal\/wp-json\/wp\/v2\/posts\/12504\/revisions\/12505"}],"wp:attachment":[{"href":"http:\/\/zupnija-gomilsko.rkc.si\/journal\/wp-json\/wp\/v2\/media?parent=12504"}],"wp:term":[{"taxonomy":"category","embeddable":true,"href":"http:\/\/zupnija-gomilsko.rkc.si\/journal\/wp-json\/wp\/v2\/categories?post=12504"},{"taxonomy":"post_tag","embeddable":true,"href":"http:\/\/zupnija-gomilsko.rkc.si\/journal\/wp-json\/wp\/v2\/tags?post=12504"}],"curies":[{"name":"wp","href":"https:\/\/api.w.org\/{rel}","templated":true}]}}