
{"id":12572,"date":"2020-10-16T02:30:47","date_gmt":"2020-10-16T02:30:47","guid":{"rendered":"http:\/\/zupnija-gomilsko.rkc.si\/journal\/?p=12572"},"modified":"2020-10-04T13:19:19","modified_gmt":"2020-10-04T13:19:19","slug":"culture-et-rencontre","status":"publish","type":"post","link":"http:\/\/zupnija-gomilsko.rkc.si\/journal\/2020\/10\/16\/culture-et-rencontre\/","title":{"rendered":"Culture Et Rencontre"},"content":{"rendered":"<p>Chaque culture nous apporte son lot de solutions possibles face aux probl\u00e8mes. Beaucoup de ces solutions sont judicieuses, adapt\u00e9es, dautres sont discutables, aujourdhui peut-\u00eatre inacceptables. Une diff\u00e9rence comportementale ou culturelle mal lue, cest un obstacle au dialogue, un conflit en germe. Une diff\u00e9rence lue correctement, cest un outil de dialogue efficace, riche pour les deux parties. Le dialogue, cest deux raisons qui se rencontrent, s\u00e9coutent et cherchent \u00e0 se comprendre. Laissons la place au d\u00e9bat, favorisons les \u00e9changes, discussions o\u00f9 il ne sagira pas daffirmer jai raison, mais dexpliciter sa position, de lui donner sens, et d\u00e9couter celle de lautre, de chercher \u00e0 en comprendre le sens propre. On le voit, posture qui n\u00e9cessite confiance et respect. Si nous voulons partager un avenir commun, il faut chercher \u00e0 conna\u00eetre lautre et \u00e0 apprendre les uns des autres! Une d\u00e9marche indispensable comme doit l\u00eatre celle de sattaquer \u00e0 nos pr\u00e9jug\u00e9s et \u00e0 nos illusions. Publi\u00e9 le 05062020-Mis \u00e0 jour 09062020 \u00e0 08:12 French Tech Culture rencontre French Tech Aix-Marseille! La fondation Aigues-Vertes sengage \u00e0 renforcer le degr\u00e9 de participation sociale de personnes.. Emmanuel Ethis Universit\u00e9 dAvignon et des Pays de Vaucluse Adresse : Le Parvis Espace Culturel-C.C. Leclerc Tempo, Avenue Louis Sallenave, 64000 Pau J\u00e9tais l\u00e0 bas et du coup,jai \u00e9cout\u00e9 Eley :happy: <img decoding=\"async\" src=\"http:\/\/julieconrad.lu\/wp-content\/uploads\/2017\/09\/Brochure-CultureUP_StopMotion2_A_170921_JCDS-13.jpg\" alt=\"culture et rencontre\" align=\"center\"> Samedi 27 mai a eu lieu la finale de la Coupe de France de football. A cette occasion, le Paris Saint-Germain affrontait le SCO dAngers. Laure Manel, sera \u00e0 la librairie les Fringales litt\u00e9raires, le samedi 18 janvier aux Herbiers, pour un go\u00fbter et une discussion autour de ses deux nouveau romans respectivement intitul\u00e9s : Lembarras du choix et Histoire d. <img decoding=\"async\" src=\"http:\/\/www.culture-rencontre.ch\/layout\/img\/plo1.jpg\" alt=\"culture et rencontre\" align=\"left\">  Comment le d\u00e9veloppement de ces outils peut-il int\u00e9grer le retour des usagers? Nabil tu penses que cest une chance de partir en Allemagne en immersion? Un moment historique qui a donc rassembl\u00e9 le sport et la culture au sein dun m\u00eame \u00e9v\u00e9nement majeur! Les divers \u00e9v\u00e9nements propos\u00e9s dans le cadre des Rencontres des Cin\u00e9mas dEurope permettent de favoriser des zones de convergence, d\u00e9change et dexpression pour porter un dynamisme culturel au sein de notre territoire. La photographie reproduite sur cette page est prot\u00e9g\u00e9e par la l\u00e9gislation en vigueur sur les droits de propri\u00e9t\u00e9 intellectuelle. Par cons\u00e9quent, toute reproduction, repr\u00e9sentation, modification, exploitation commerciale ou r\u00e9utilisation de quelque mani\u00e8re que ce soit est interdite sans laccord pr\u00e9alable \u00e9crit de lAFP, \u00e0 lexception de lusage non commercial personnel. LAFP ne pourra \u00eatre tenue pour responsable des retards, erreurs, omissions qui ne peuvent \u00eatre exclus dans le domaine des informations de presse, ni des cons\u00e9quences des actions ou transactions effectu\u00e9es sur la base de ces informations. AFP et son logo sont des marques d\u00e9pos\u00e9es. Le respect de la grammaire et de lorthographe. Le respect de ses interlocuteurs passe par le respect de la langue fran\u00e7aise, garant de la bonne expression et de la compr\u00e9hension des id\u00e9es.  <img decoding=\"async\" src=\"http:\/\/cdn-s-www.estrepublicain.fr\/images\/7b916ea8-a617-4533-b808-3a6492e3ab1d\/BES_06\/illustration-rencontre-avec-judith-maarek_1-1507798765.jpg\" alt=\"culture et rencontre\" align=\"left\">  Enrichir, par les arts et la culture, les aptitudes et les comp\u00e9tences intellectuelles, affectives et sociales des jeunes La question de lorganisation de concours sera abord\u00e9e dans le cadre de la prochaine commission GPRH en janvier 2020.<\/p>\n","protected":false},"excerpt":{"rendered":"<p>culture et rencontre<\/p>\n","protected":false},"author":1,"featured_media":0,"comment_status":"closed","ping_status":"closed","sticky":false,"template":"","format":"standard","meta":{"footnotes":""},"categories":[1],"tags":[],"_links":{"self":[{"href":"http:\/\/zupnija-gomilsko.rkc.si\/journal\/wp-json\/wp\/v2\/posts\/12572"}],"collection":[{"href":"http:\/\/zupnija-gomilsko.rkc.si\/journal\/wp-json\/wp\/v2\/posts"}],"about":[{"href":"http:\/\/zupnija-gomilsko.rkc.si\/journal\/wp-json\/wp\/v2\/types\/post"}],"author":[{"embeddable":true,"href":"http:\/\/zupnija-gomilsko.rkc.si\/journal\/wp-json\/wp\/v2\/users\/1"}],"replies":[{"embeddable":true,"href":"http:\/\/zupnija-gomilsko.rkc.si\/journal\/wp-json\/wp\/v2\/comments?post=12572"}],"version-history":[{"count":1,"href":"http:\/\/zupnija-gomilsko.rkc.si\/journal\/wp-json\/wp\/v2\/posts\/12572\/revisions"}],"predecessor-version":[{"id":12573,"href":"http:\/\/zupnija-gomilsko.rkc.si\/journal\/wp-json\/wp\/v2\/posts\/12572\/revisions\/12573"}],"wp:attachment":[{"href":"http:\/\/zupnija-gomilsko.rkc.si\/journal\/wp-json\/wp\/v2\/media?parent=12572"}],"wp:term":[{"taxonomy":"category","embeddable":true,"href":"http:\/\/zupnija-gomilsko.rkc.si\/journal\/wp-json\/wp\/v2\/categories?post=12572"},{"taxonomy":"post_tag","embeddable":true,"href":"http:\/\/zupnija-gomilsko.rkc.si\/journal\/wp-json\/wp\/v2\/tags?post=12572"}],"curies":[{"name":"wp","href":"https:\/\/api.w.org\/{rel}","templated":true}]}}