
{"id":12612,"date":"2020-10-16T04:39:54","date_gmt":"2020-10-16T04:39:54","guid":{"rendered":"http:\/\/zupnija-gomilsko.rkc.si\/journal\/?p=12612"},"modified":"2020-10-04T14:42:29","modified_gmt":"2020-10-04T14:42:29","slug":"rencontre-mouans-sartoux","status":"publish","type":"post","link":"http:\/\/zupnija-gomilsko.rkc.si\/journal\/2020\/10\/16\/rencontre-mouans-sartoux\/","title":{"rendered":"Rencontre Mouans Sartoux"},"content":{"rendered":"<p><img decoding=\"async\" src=\"http:\/\/alternactivities.com\/wp-content\/uploads\/2017\/08\/epicerie-boomerang-vrac-zero-dechet-mouans-sartoux-bio-7.jpg\" alt=\"rencontre mouans sartoux\" align=\"left\"> Recevez chaque semaine des conseils de jardinage pratique dans votre bo\u00eete mail! Fr\u00e9d\u00e9ric na pas r\u00e9ussi \u00e0 faire douter Krebs dont les services lui ont pos\u00e9 beaucoup de probl\u00e8me. Dans la deuxi\u00e8me manche, Krebs prends tout de suite quelques points davance ; il devient alors intouchable. Je mappelle Sarah une femme souriante passionn\u00e9 de la cuisine romantique pr\u00eate \u00e0 croquer la vie en pleines dents \u00e0 la recherche de mon prince charmant pour une relations s\u00e9reux bas\u00e9e sur lamour la confiance le respect, faux profil blagueur sabstenir sil vous pla\u00eet R\u00e9gion:  Grasse, Alpes-Maritimes, Provence-Alpes-C\u00f4te dAzur Voyage dans les coulisses citoyennes et cr\u00e9atives de Rue du monde. Un homme 60a 1.80m 110kg allure, cheveux blanc coup\u00e9s courts, yeux bleus, torse et peu poilu des jambes.-non circoncis. Naturel et peu compliqu\u00e9. Suis disponible la journ\u00e9e entre horaires de travail, je re\u00e7ois ou bouge entre 15 et 19h Phoenixeux dit :Merci de ta r\u00e9activit\u00e9 pour cette r\u00e9ponse. Int\u00e9r\u00eats communs : Bo\u00eete de nuits, Cuisine, Relations daffaires, Groupe de lecture Discussion, Caf\u00e9 et conversations, Restaurant, Films Vid\u00e9os, Musique et concerts, Sports, Int\u00e9r\u00eats politiques One more step Please complete the security check to access www.pagesjaunes.fr <img decoding=\"async\" src=\"http:\/\/www.hotel-casabella.com\/wp-content\/uploads\/2017\/06\/soiree-georges-brassens-mouans-sartoux-1-1024x713.jpg\" alt=\"rencontre mouans sartoux\" align=\"right\"> Vous \u00eates inform\u00e9 quune proposition de v\u00e9rification dadmissibilit\u00e9 a \u00e9t\u00e9 faite r\u00e9cemment concernant la page. Dans la mesure o\u00f9 vous \u00eates, ou bien le cr\u00e9ateur de la page, ou bien un contributeur significatif de la page, vous \u00eates invit\u00e9, apr\u00e8s avoir pris connaissance des et des, \u00e0 corriger larticle et \u00e0 le compl\u00e9ter pour expliciter son admissibilit\u00e9, et en donnant des \u00e9l\u00e9ments dinformation susceptibles de prouver la notori\u00e9t\u00e9 de son contenu. Au besoin, vous pouvez argumenter de la notori\u00e9t\u00e9 de larticle. Share Startup Mentorship Program with your friends. Save Startup Mentorship Program to your collection. Collecte dinformations associ\u00e9es \u00e0 celles pr\u00e9cit\u00e9es pour affiner et diffuser des publicit\u00e9s pertinentes, puis Quelques photos du chateau pour boucler cette visite. Le double-sens cyclable doit cependant \u00eatre abord\u00e9 \u00e0 vitesse mod\u00e9r\u00e9e par les cyclistes, les v\u00e9hicules venant dans le sens principal peuvent \u00eatre surpris et certaines rues Mouansoises sont \u00e9troites. Celles pr\u00e9c\u00e9demment collect\u00e9es afin d\u00e9valuer, de comprendre et de rendre compte de la fa\u00e7on dont vous 11h : Lecture au d\u00e9 et discussion autour dun livre, Patrick Joquel <img decoding=\"async\" src=\"http:\/\/idata.over-blog.com\/0\/45\/31\/27\/\/PICT0030-copie-1.jpg\" alt=\"rencontre mouans sartoux\" align=\"left\">  En application de larticle R.412-28-1 du Code de la Route, la circulation en double sens des cyclistes est autoris\u00e9e uniquement sur les voies signal\u00e9s par un panonceau M9v2 panonceau annon\u00e7ant Sauf Cyclistes. Jai travaill\u00e9 sur cet article dans le cadre du que je pr\u00e9pare \u00e0 l. \u00c9videmment on peut toujours lam\u00e9liorer encore on n\u00e9puise jamais un sujet, mais je pense quil est suffisamment avanc\u00e9 pour peut-\u00eatre obtenir un label. On verra. En tout cas je suis preneur de toute correction, am\u00e9lioration ou suggestion dam\u00e9lioration. 21 d\u00e9cembre 2017 \u00e0 00:43 CET Complicit\u00e9, amiti\u00e9,partage,affectiontendresse ; parlerions nous lem\u00eamelangage, alors faisons connaissance,et laissons le temps au temps! Lorigine du son du violon ainsi partiellement d\u00e9voil\u00e9e, une palette des sonorit\u00e9s du violon sera explor\u00e9e par la violoniste qui interpr\u00e9tera quelques extraits d\u0153uvres. Votre adresse de messagerie ne sera pas publi\u00e9e. Les champs obligatoires sont indiqu\u00e9s avec  Lintroduction du bio a \u00e9t\u00e9 \u00e9chelonn\u00e9e. Elle d\u00e9marre en 1999 avec lachat de b\u0153uf bio \u00e0 la suite de la crise de la vache folle. La part du bio s\u00e9l\u00e8ve alors \u00e0 seulement 4. Puis le seuil a \u00e9volu\u00e9 chaque ann\u00e9e : 9,6 en 2008, 23 en 2009, 50 en 2010, 73,6 en janvier 2011 et 100 de bio depuis 1er janvier 2012. Afin de renforcer la collaboration mise en place avec la ville de Velaux depuis le mois de juin 2018, lassociation a sollicit\u00e9 Mme Coralie Morvan \u00e9lue aux \u00e9coles et M.Yannick Guerin \u00e9lu \u00e0 la Culture pour nous accompagner durant cette visite. Vous \u00eates \u00e0 laise \u00e0 l\u00e9crit et \u00e0 loral en fran\u00e7ais et en anglais Si vous \u00eates joueur et dans le coin nh\u00e9sitez pas.<\/p>\n","protected":false},"excerpt":{"rendered":"<p>rencontre mouans sartoux<\/p>\n","protected":false},"author":1,"featured_media":0,"comment_status":"closed","ping_status":"closed","sticky":false,"template":"","format":"standard","meta":{"footnotes":""},"categories":[1],"tags":[],"_links":{"self":[{"href":"http:\/\/zupnija-gomilsko.rkc.si\/journal\/wp-json\/wp\/v2\/posts\/12612"}],"collection":[{"href":"http:\/\/zupnija-gomilsko.rkc.si\/journal\/wp-json\/wp\/v2\/posts"}],"about":[{"href":"http:\/\/zupnija-gomilsko.rkc.si\/journal\/wp-json\/wp\/v2\/types\/post"}],"author":[{"embeddable":true,"href":"http:\/\/zupnija-gomilsko.rkc.si\/journal\/wp-json\/wp\/v2\/users\/1"}],"replies":[{"embeddable":true,"href":"http:\/\/zupnija-gomilsko.rkc.si\/journal\/wp-json\/wp\/v2\/comments?post=12612"}],"version-history":[{"count":1,"href":"http:\/\/zupnija-gomilsko.rkc.si\/journal\/wp-json\/wp\/v2\/posts\/12612\/revisions"}],"predecessor-version":[{"id":12613,"href":"http:\/\/zupnija-gomilsko.rkc.si\/journal\/wp-json\/wp\/v2\/posts\/12612\/revisions\/12613"}],"wp:attachment":[{"href":"http:\/\/zupnija-gomilsko.rkc.si\/journal\/wp-json\/wp\/v2\/media?parent=12612"}],"wp:term":[{"taxonomy":"category","embeddable":true,"href":"http:\/\/zupnija-gomilsko.rkc.si\/journal\/wp-json\/wp\/v2\/categories?post=12612"},{"taxonomy":"post_tag","embeddable":true,"href":"http:\/\/zupnija-gomilsko.rkc.si\/journal\/wp-json\/wp\/v2\/tags?post=12612"}],"curies":[{"name":"wp","href":"https:\/\/api.w.org\/{rel}","templated":true}]}}