
{"id":12732,"date":"2020-10-16T17:31:33","date_gmt":"2020-10-16T17:31:33","guid":{"rendered":"http:\/\/zupnija-gomilsko.rkc.si\/journal\/?p=12732"},"modified":"2020-10-04T18:43:55","modified_gmt":"2020-10-04T18:43:55","slug":"rencontre-avec-rama","status":"publish","type":"post","link":"http:\/\/zupnija-gomilsko.rkc.si\/journal\/2020\/10\/16\/rencontre-avec-rama\/","title":{"rendered":"Rencontre Avec Rama"},"content":{"rendered":"<p>Mme Rama Yade, Mme Catherine Boivineau, Ambassadeur de France, M. Michel Guerry, S\u00e9nateur, repr\u00e9sentant des Fran\u00e7ais \u00e9tablis hors de France <img decoding=\"async\" src=\"http:\/\/ramadiawfashion.com\/wp-content\/solidarite_1.jpg\" alt=\"rencontre avec rama\" align=\"right\"> Vendredi 2 F\u00e9vrier-18:30. Festival Autan de Blues-Agathe Da Rama Lisa Mills Les premiers r\u00e9sultats communiqu\u00e9s lundi apr\u00e8s-midi confirment la victoire de la coalition de gauche aux \u00e9lections albanaises. Edi Rama, qui a proclam\u00e9 sa victoire d\u00e8s dimanche soir, devrait donc devenir Premier ministre. Il parle du sens de son engagement en politique et de son rival Sali Berisha. Rencontre avec un homme qui fait de la politique pour narguer la mort. Publi\u00e9 le 12 octobre 2016 Autre presse Photographe : DR Photo N399018 Rencontre avec Rama, une artisan savonni\u00e8re solidaire L\u00c9tabli Le magazine de Wecandoo MaXoE, m\u00e9dia culturel multi-th\u00e9matique fond\u00e9 en 1995, ind\u00e9pendant et sans publicit\u00e9. En ligne depuis  En ce moment jai repris la production de savons pour les laisser en cure, en pr\u00e9vision de la fin du confinement. Parall\u00e8lement, avec une autre cosm\u00e9ticienne nous r\u00e9alisons des baumes r\u00e9parateurs pour les mains afin de les offrir aux personnels hospitaliers. Cest une cadence assez soutenue car on re\u00e7oit pas mal de demandes et on passe donc nos journ\u00e9es \u00e0 fabriquer. Partant du constat que plusieurs ph\u00e9nom\u00e8nes p\u00e9nalisent le centre ancien de Sisteron et contribuent \u00e0 sa d\u00e9gradation, et alors que le tissu urbain est fortement marqu\u00e9 par un riche pass\u00e9 historique, la Ville de Sisteron en la personne de son d\u00e9put\u00e9 maire Daniel SPAGNOU et lEtat avec le Pr\u00e9fet NGAHANE, viennent de signer le premier protocole LHI Lutte contre lHabitat Indigne du d\u00e9partement des Alpes de Haute Provence. R-On condamne clairement le travail forc\u00e9 quelles que soient les circonstances, quels que soient les auteurs. Vous ne me trouverez pas en train de dire que la France ou lUnion europ\u00e9enne acceptent le travail forc\u00e9. Pour le reste, je ne veux pas \u00eatre le porte-parole de TOTAL. Je suis secr\u00e9taire dEtat aux Affaires \u00e9trang\u00e8res. Je parle au nom de lEtat. TOTAL est une entreprise priv\u00e9e. Je crois quils ont eu loccasion \u00e0 plusieurs reprises entre hier et aujourdhui de sexprimer. Pour le reste, il faut leur demander, puisquils ont dit quils ne voudront pas mettre en place des actions qui nuiraient aux Droits de lHomme. Il faudrait donc leur demander en quoi, si vous les voyez avant moi. Parce que je les verrai pour leur poser explicitement la question, mais je ne peux pas ici parler au nom de TOTAL.  Au c\u0153ur de la mer cylindrique se trouve une \u00eele ovale denviron 10 km de long par 3 km de large, baptis\u00e9e New York. Six autres villes se trouvent dans Rama : Paris, Londres, Rome et Moscou dans lh\u00e9micylindre nord, et P\u00e9kin et Tokyo dans lautre. Six soleils lin\u00e9aires, dispos\u00e9s sym\u00e9triquement sur le pourtour de la paroi interne, permettent d\u00e9clairer lensemble du cylindre. Chaque soleil est en fait une longue tranch\u00e9e qui \u00e9claire la plaine du c\u00f4t\u00e9 oppos\u00e9. <img decoding=\"async\" src=\"http:\/\/maya-press.net\/wp-content\/uploads\/2017\/01\/Amoeba-1038x530.png\" alt=\"rencontre avec rama\" align=\"right\"> Rencontre avec Rama, une artisan savonni\u00e8re solidaire <img decoding=\"async\" src=\"http:\/\/french.peopledaily.com.cn\/NMediaFile\/2014\/0910\/FOREIGN201409101556000408592080961.jpg\" alt=\"rencontre avec rama\" align=\"center\"> Je consid\u00e8re ma rencontre avec le dala\u00ef lama comme un triple t\u00e9moignage, venu du fond du coeur : je lui dirai mon respect pour le chef spirituel quil est, mon admiration pour lhomme de paix quil est, et ma solidarit\u00e9 pour le combat courageux quil m\u00e8ne depuis tant dann\u00e9es, a expliqu\u00e9 la secr\u00e9taire dEtat.  La chanteuse nantaise jouera en premi\u00e8re partie des quatre Djs de C2C dimanche 24 f\u00e9vrier au Z\u00e9nith de Nantes M\u00e9tropole. A loccasion de cet \u00e9v\u00e9nement, elle se livre dans nos colonnes. Arthur Clarke sera probablement consid\u00e9r\u00e9 par les historiens du futur comme lun des penseurs les plus lucides et les plus influents du XX e si\u00e8cle. \u00c0 lorigine du concept de satellite de t\u00e9l\u00e9communication g\u00e9ostationnaire, il avait pr\u00e9dit lessor dInternet et la pr\u00e9pond\u00e9rance des robots dans lexploration du Syst\u00e8me solaire. Wikip\u00e9dia, DP En 1996, ce roman et le livre ont inspir\u00e9 le jeu vid\u00e9o daventure cr\u00e9\u00e9 par, dans le style du jeu, o\u00f9 Clarke apparait parfois pour conseiller le joueur. Dala\u00ef lama: contacts en cours pour une rencontre avec Rama Yade-ladepeche.fr Bon courage pour la suite et la prochaine fois essaie de contre-balancer tes echanges dans les salons du pouvoir avec ceux des gens dont tu essaies de parler, cela sera constructif et ca changera de latmosphere actuelle. Aujourdhui, il mapparai\u0302t que face a\u0300 ce monde ultra-libe\u0301ralise\u0301 ou\u0300 le profit-roi re\u0300gne et convoque les de\u0301se\u0301quilibres du monde, entrai\u0302nant avec lui cynisme, guerres, terrorisme, catastrophes et autres maux, il nest pas dautres choix que de de\u0301noncer et dentreprendre tous gestes de re\u0301sistances. Fre\u0301rocite\u0301 se veut donc dans cet autre positionnement, un geste artistique qui de\u0301noncerait. Un geste artistique comme un manifeste, une alerte, un cri, un coup. Un e\u0301ve\u0301nement! Ce livre offre un panorama des formes th\u00e9\u00e2trales traditionnelles ou modernes dAsie et dOrient, du Japon au Maroc en passant par la Turquie et Isra\u00ebl, pour la premi\u00e8re fois r\u00e9unies en un m\u00eame volume dans une perspective comparatiste. Deux espaces sy dessinent, dune part lExtr\u00eame-Orient et lInde o\u00f9 lart th\u00e9\u00e2tral est une \u00e9vidence et appartient \u00e0 la grande litt\u00e9rature, et dautre part le Moyen-Orient o\u00f9 son statut est moins assur\u00e9 en raison de sa position mineure dans la hi\u00e9rarchie des arts. De m\u00eame, deux sortes de th\u00e9\u00e2tres se succ\u00e8dent, se compl\u00e8tent ou sopposent : les formes traditionnelles, caract\u00e9ris\u00e9es par la stylisation et le recours \u00e0 toute la palette des arts visuels et auditifs, et les formes modernes, partout inspir\u00e9es de lOccident, avec plusieurs types dassimilation. Les articles de ce volume tentent de proposer une d\u00e9finition interculturelle du th\u00e9\u00e2tre, den distinguer les genres et den d\u00e9terminer les fonctions, en partant de la pr\u00e9sentation des diff\u00e9rentes expressions th\u00e9\u00e2trales traditionnelles. Ils \u00e9tudient les modalit\u00e9s de rencontre de celles-ci avec le th\u00e9\u00e2tre occidental, les m\u00e9tissages ou \u00e9volutions qui en ont r\u00e9sult\u00e9, les th\u00e9matiques et aspects formels qui ont retenu lattention des dramaturges modernes et contemporains dAsie. Alexandre Benjamin Navet et Arthur Hoffner, artistes et designers NM : Sur le plateau, il y a un grand tulle, sur lequel sont parfois projet\u00e9es des images, et derri\u00e8re ce tulle, il y a une table avec des objets sonores. Certains objets ont \u00e9t\u00e9 cr\u00e9\u00e9s sp\u00e9cialement pour le spectacle : un violoncelle \u00e0 une corde, une brosse en m\u00e9tal, des billes Nous utilisons des micros pendant le spectacle pour amplifier tout \u00e7a.<\/p>\n","protected":false},"excerpt":{"rendered":"<p>rencontre avec rama<\/p>\n","protected":false},"author":1,"featured_media":0,"comment_status":"closed","ping_status":"closed","sticky":false,"template":"","format":"standard","meta":{"footnotes":""},"categories":[1],"tags":[],"_links":{"self":[{"href":"http:\/\/zupnija-gomilsko.rkc.si\/journal\/wp-json\/wp\/v2\/posts\/12732"}],"collection":[{"href":"http:\/\/zupnija-gomilsko.rkc.si\/journal\/wp-json\/wp\/v2\/posts"}],"about":[{"href":"http:\/\/zupnija-gomilsko.rkc.si\/journal\/wp-json\/wp\/v2\/types\/post"}],"author":[{"embeddable":true,"href":"http:\/\/zupnija-gomilsko.rkc.si\/journal\/wp-json\/wp\/v2\/users\/1"}],"replies":[{"embeddable":true,"href":"http:\/\/zupnija-gomilsko.rkc.si\/journal\/wp-json\/wp\/v2\/comments?post=12732"}],"version-history":[{"count":1,"href":"http:\/\/zupnija-gomilsko.rkc.si\/journal\/wp-json\/wp\/v2\/posts\/12732\/revisions"}],"predecessor-version":[{"id":12733,"href":"http:\/\/zupnija-gomilsko.rkc.si\/journal\/wp-json\/wp\/v2\/posts\/12732\/revisions\/12733"}],"wp:attachment":[{"href":"http:\/\/zupnija-gomilsko.rkc.si\/journal\/wp-json\/wp\/v2\/media?parent=12732"}],"wp:term":[{"taxonomy":"category","embeddable":true,"href":"http:\/\/zupnija-gomilsko.rkc.si\/journal\/wp-json\/wp\/v2\/categories?post=12732"},{"taxonomy":"post_tag","embeddable":true,"href":"http:\/\/zupnija-gomilsko.rkc.si\/journal\/wp-json\/wp\/v2\/tags?post=12732"}],"curies":[{"name":"wp","href":"https:\/\/api.w.org\/{rel}","templated":true}]}}