
{"id":12790,"date":"2020-10-16T02:48:27","date_gmt":"2020-10-16T02:48:27","guid":{"rendered":"http:\/\/zupnija-gomilsko.rkc.si\/journal\/?p=12790"},"modified":"2020-10-04T20:07:14","modified_gmt":"2020-10-04T20:07:14","slug":"programme-rencontres-photo-arles-2011","status":"publish","type":"post","link":"http:\/\/zupnija-gomilsko.rkc.si\/journal\/2020\/10\/16\/programme-rencontres-photo-arles-2011\/","title":{"rendered":"Programme Rencontres Photo Arles 2011"},"content":{"rendered":"<p>Votre mot de passe ou votre nom de famille pour la 1\u00e8re connexion Presse Omar Victor Diop : I want to reinvent the heritage of African studio photography The Observer _ The Guardian-La photographie am\u00e9ricaine \u00e0 travers les collections fran\u00e7aises, Robert Adams, Cornell Capa, Gilles Caron, Don McCullin, Guy Le Querrec, Susan Meiselas, Julien Chapsal, Michael Ackerman, David Burnett, Lise Sarfati, Sophie Ristelhueber, Dominique Issermann, Jean Gaumy, Daniel Angeli, Paul Graham, Claudine Doury, Jean-Christophe B\u00e9chet, David Goldblatt, Anders Petersen, Philippe Chancel, Meyer, Olivier Culmann, Gilles Coulon, Gilles Leimdorfer, Rencontres de la photographie Arles 2007 : 38 e \u00e9dition 3 juillet-16 septembre 32 Voir le s\u00e9minaire de lIRI Les figures de lamateur du 13 mai 2008 o\u00f9 J. Lichtenstein et son in Maintenant, direction lAsie de lOuest. Iran, ann\u00e9e 38 propose de revenir sur lhistoire de ce pays emp\u00eatr\u00e9 dans la r\u00e9volution islamique et la guerre en pointant notamment le quotidien des femmes confront\u00e9es aux r\u00e8gles impos\u00e9es par les religieux. Pour ce faire, 66 artistes iraniens, dont Shadi Ghadirian se sont pench\u00e9s sur le sujet et offrent leur version des faits. Lexposition Blanck Paper quant \u00e0 elle pr\u00e9sente les photographies de ce collectif madril\u00e8ne bas\u00e9 sur l\u00e9change et la solidarit\u00e9. Enfin, deux artistes r\u00e9inventent le genre documentaire. Le premier, Mathieu Pernot, suit la famille Gorgan issue de la communaut\u00e9 rom depuis 1995. Le second, Samuel Gratacap sint\u00e9resse au sort des migrants, \u00e0 ceux qui vivent le fifty-fifty : la mort ou la vie. <img decoding=\"async\" src=\"http:\/\/blog.madame.lefigaro.fr\/stehli\/Crewdson.jpg\" alt=\"programme rencontres photo arles 2011\" align=\"left\"> <img decoding=\"async\" src=\"http:\/\/docplayer.net\/docs-images\/53\/11399091\/images\/page_17.jpg\" alt=\"programme rencontres photo arles 2011\" align=\"right\"> Are you not a robot? Click on the button to continue: Im not a bot Continue. Lecture sensible des r\u00e9activations visuelles dans le champ sp\u00e9cifique de lart actuel selon ses deux commissaires, lexposition explore et interroge la r\u00e9utilisation des images emprunt\u00e9es \u00e0 dautres. Alinka Echeverria Nicephora Intensit\u00e9 des f\u00e9rias, majest\u00e9 des vestiges antiques travers\u00e9s par le Rh\u00f4ne : \u00e9vadez-vous le temps dun s\u00e9jour dans la cit\u00e9 qui a tant inspir\u00e9 Van Gogh.  Impression jet dencre pigmentaire sur papier Harman By Hahnemuhle Cr\u00e9e en 2011, le MIA Photo Fair est un \u00e9v\u00e8nement majeur de la photographie et de limage en mouvement en Italie. Denvergure internationale, cette foire est lun des rendez-vous annuels immanquables pour tous les professionnels de la discipline. CPPAP : 0322 W 90268-UN SITE DU GROUPE PRISMA MEDIA GJ NETWORK PRISMA MEDIA 2018 TOUS DROITS R\u00c9SERV\u00c9S DOES THE BEAUTY OF A HISTORIC PHOTOGRAPH COUNTERACT ITS DOCUMENTARY VALUE? <img decoding=\"async\" src=\"http:\/\/www4.i-services.net\/images\/membres\/forum\/2011-07\/img_1310046882_767.jpg\" alt=\"programme rencontres photo arles 2011\" align=\"right\"> Prix du Livre dauteur : Redheaded Peckerwood de Christian Patterson Avec cette promesse, ID innove et permet de m\u00e9diatiser des solutions accessibles \u00e0 tous pour une soci\u00e9t\u00e9 plus durable; un monde o\u00f9 sinformer revient \u00e0 agir, o\u00f9 chaque information am\u00e8ne \u00e0 des solutions concr\u00e8tes. A vous de choisir! Depuis ses premi\u00e8res \u00e9ditions, le Festival a pr\u00e9sent\u00e9 des photographes de renom Jean-Fran\u00e7ois Bauret, Georges Tourdjman, Uwe Ommer, Jeanloup Sieff, Hans Silvester.. Mais \u00e9galement une s\u00e9lection \u00e9clectique, plus contemporaine, du corps avec des d\u00e9marches dauteurs mettant en avant des travaux de jeunes talents. 384 pages, fran\u00e7ais, \u00e9dit\u00e9 par les Rencontres dArles-Actes Sud. 47  Chaque mois GEO directement chez vous! 7.80 par mois au lieu de 9.95 Alberto Garc\u00eda-Alix, Eduardo y Lirio, 1980. Courtesy of the artist and VEGAP. Chaque \u00e9t\u00e9, depuis cinquante ans, les Rencontres dArles, \u00e0 travers une programmation de pr\u00e8s de quarante expositions, saffirment comme un observatoire de la cr\u00e9ation actuelle et des pratiques photographiques. Une association de demandeurs dasile, lassociation des usagers de la PADA, d\u00e9nonce des carences administratives qui bloquent le parcours de nombreux r\u00e9fugi\u00e9s. LANDOWSKI, \u00c9ric 2007 Le papillon t\u00eate de Janus : \u00e0 propos de S\u00e9mantique structurale quarante ans apr\u00e8s, Recherches s\u00e9miotiques En ligne.. Page consult\u00e9e le 7 d\u00e9cembre 2011. .<\/p>\n","protected":false},"excerpt":{"rendered":"<p>programme rencontres photo arles 2011<\/p>\n","protected":false},"author":1,"featured_media":0,"comment_status":"closed","ping_status":"closed","sticky":false,"template":"","format":"standard","meta":{"footnotes":""},"categories":[1],"tags":[],"_links":{"self":[{"href":"http:\/\/zupnija-gomilsko.rkc.si\/journal\/wp-json\/wp\/v2\/posts\/12790"}],"collection":[{"href":"http:\/\/zupnija-gomilsko.rkc.si\/journal\/wp-json\/wp\/v2\/posts"}],"about":[{"href":"http:\/\/zupnija-gomilsko.rkc.si\/journal\/wp-json\/wp\/v2\/types\/post"}],"author":[{"embeddable":true,"href":"http:\/\/zupnija-gomilsko.rkc.si\/journal\/wp-json\/wp\/v2\/users\/1"}],"replies":[{"embeddable":true,"href":"http:\/\/zupnija-gomilsko.rkc.si\/journal\/wp-json\/wp\/v2\/comments?post=12790"}],"version-history":[{"count":1,"href":"http:\/\/zupnija-gomilsko.rkc.si\/journal\/wp-json\/wp\/v2\/posts\/12790\/revisions"}],"predecessor-version":[{"id":12791,"href":"http:\/\/zupnija-gomilsko.rkc.si\/journal\/wp-json\/wp\/v2\/posts\/12790\/revisions\/12791"}],"wp:attachment":[{"href":"http:\/\/zupnija-gomilsko.rkc.si\/journal\/wp-json\/wp\/v2\/media?parent=12790"}],"wp:term":[{"taxonomy":"category","embeddable":true,"href":"http:\/\/zupnija-gomilsko.rkc.si\/journal\/wp-json\/wp\/v2\/categories?post=12790"},{"taxonomy":"post_tag","embeddable":true,"href":"http:\/\/zupnija-gomilsko.rkc.si\/journal\/wp-json\/wp\/v2\/tags?post=12790"}],"curies":[{"name":"wp","href":"https:\/\/api.w.org\/{rel}","templated":true}]}}