
{"id":12832,"date":"2020-10-16T07:44:22","date_gmt":"2020-10-16T07:44:22","guid":{"rendered":"http:\/\/zupnija-gomilsko.rkc.si\/journal\/?p=12832"},"modified":"2020-10-04T21:09:25","modified_gmt":"2020-10-04T21:09:25","slug":"rencontre-femme-landerneau","status":"publish","type":"post","link":"http:\/\/zupnija-gomilsko.rkc.si\/journal\/2020\/10\/16\/rencontre-femme-landerneau\/","title":{"rendered":"Rencontre Femme Landerneau"},"content":{"rendered":"<p><img decoding=\"async\" src=\"http:\/\/s1.lprs1.fr\/images\/2016\/07\/19\/5977707_1-0-435903357_300x188.jpg\" alt=\"rencontre femme landerneau\" align=\"left\"> <img decoding=\"async\" src=\"http:\/\/www.mandor.fr\/media\/02\/02\/3216186356.jpg\" alt=\"rencontre femme landerneau\" align=\"right\"> IMPORTANT : Le JavaScript doit \u00eatre activ\u00e9 pour utiliser la recherche. Ma description:je suis marierose je vei a nice ville de france je suis coiffeuse dans ma vie Ya du raff\u00fbt dans Landerneau carte postale humoristique dArtaud et Nozais, vers 1910. Il sagit des \u00e9tablissements de Messieurs Radiguet et Goury. V\u00e9los, elliptiques, tapis, waves.. Pour retrouver la forme et fondre en musclant son c\u0153ur! Une famille calme serait parfait pour elle sans jeunes enfants, avec ou sans acc\u00e8s ext\u00e9rieur. Photon est un amour de matou \u00e0 la recherche dun foyer chaud et douillet pour finir sa vie. Il est encore jeune 6 ans environ mais est malheureusement atteint dinsuffisance r\u00e9nale et son.. Pr\u00e9c\u00e9demment relativement \u00e0 vos int\u00e9r\u00eats afin de s\u00e9lectionner des contenus ; le traitement de donn\u00e9es <img decoding=\"async\" src=\"http:\/\/img.over-blog-kiwi.com\/1\/42\/65\/18\/20170703\/ob_119c50_qm80-5455599-1-jpg57.jpg\" alt=\"rencontre femme landerneau\" align=\"left\"> Tu commenceras par maccueillir chez toi, je rentrerais puis jirai masseoir. Tu te mettras \u00e0 genoux devant moi et tu commenceras par ouvrir ma braguette. Tu d\u00e9couvriras un boxer et tu commenceras \u00e0 l\u00e9cher.. Bichette est une minette n\u00e9e le 010616, elle a \u00e9t\u00e9 trouv\u00e9e errante dans le Morbihan et mise \u00e0 labri. Elle sera plac\u00e9e en adoption sauvetage car elle a \u00e9t\u00e9 test\u00e9e positive au FIV, cela n.. Je suis sur ce site pour faire des rencontres. Jai 63 ans et habite Landerneau..  Le festival Kann Al Loar a sign\u00e9 en avril 2009 la Charte Ya dar brezhoneg de niveau 1. Rencontres \u00e0 Landerneau avec le site de rencontre hugavenue.com  D\u00e9couvrez les \u00e9lus du Conseil d\u00e9partemental du Finist\u00e8re. Ma description:je suis marierose je vei a nice ville de france je suis coiffeuse dans ma vie Les personnels de sant\u00e9, du m\u00e9dicosocial, du social, des Ehpad et de l\u00e9ducation nationale seront mobilis\u00e9s pour exiger des moyens cons\u00e9quents pour de bonnes conditions de travail assurant ainsi un NB : la plupart des photos pr\u00e9sent\u00e9es ici sauf les quatre derni\u00e8res sont le fruit du travail de Jean Fabien Leclanche. Un grand merci \u00e0 lui! Elle a \u00e9t\u00e9 l\u00e2chement jet\u00e9e \u00e0 la rue apr\u00e8s le d\u00e9c\u00e8s de sa ma\u00eetresse. Elle est rest\u00e9e pr\u00e8s dun an dehors, \u00e0 devoir se d\u00e9brouiller seule. Elle reprend doucement confiance. Elle a besoin de calme. Elle semble accepter les autres chats mais a peur des chiens. Cette minette a besoin dun foyer doux et tranquille, au calme. St\u00e9rilis\u00e9e, identifi\u00e9e, primo vaccin\u00e9e, d\u00e9parasit\u00e9e. .<\/p>\n","protected":false},"excerpt":{"rendered":"<p>rencontre femme landerneau<\/p>\n","protected":false},"author":1,"featured_media":0,"comment_status":"closed","ping_status":"closed","sticky":false,"template":"","format":"standard","meta":{"footnotes":""},"categories":[1],"tags":[],"_links":{"self":[{"href":"http:\/\/zupnija-gomilsko.rkc.si\/journal\/wp-json\/wp\/v2\/posts\/12832"}],"collection":[{"href":"http:\/\/zupnija-gomilsko.rkc.si\/journal\/wp-json\/wp\/v2\/posts"}],"about":[{"href":"http:\/\/zupnija-gomilsko.rkc.si\/journal\/wp-json\/wp\/v2\/types\/post"}],"author":[{"embeddable":true,"href":"http:\/\/zupnija-gomilsko.rkc.si\/journal\/wp-json\/wp\/v2\/users\/1"}],"replies":[{"embeddable":true,"href":"http:\/\/zupnija-gomilsko.rkc.si\/journal\/wp-json\/wp\/v2\/comments?post=12832"}],"version-history":[{"count":1,"href":"http:\/\/zupnija-gomilsko.rkc.si\/journal\/wp-json\/wp\/v2\/posts\/12832\/revisions"}],"predecessor-version":[{"id":12833,"href":"http:\/\/zupnija-gomilsko.rkc.si\/journal\/wp-json\/wp\/v2\/posts\/12832\/revisions\/12833"}],"wp:attachment":[{"href":"http:\/\/zupnija-gomilsko.rkc.si\/journal\/wp-json\/wp\/v2\/media?parent=12832"}],"wp:term":[{"taxonomy":"category","embeddable":true,"href":"http:\/\/zupnija-gomilsko.rkc.si\/journal\/wp-json\/wp\/v2\/categories?post=12832"},{"taxonomy":"post_tag","embeddable":true,"href":"http:\/\/zupnija-gomilsko.rkc.si\/journal\/wp-json\/wp\/v2\/tags?post=12832"}],"curies":[{"name":"wp","href":"https:\/\/api.w.org\/{rel}","templated":true}]}}