
{"id":13532,"date":"2020-10-17T00:11:13","date_gmt":"2020-10-17T00:11:13","guid":{"rendered":"http:\/\/zupnija-gomilsko.rkc.si\/journal\/?p=13532"},"modified":"2020-10-05T18:34:36","modified_gmt":"2020-10-05T18:34:36","slug":"rencontre-merkel-sarko","status":"publish","type":"post","link":"http:\/\/zupnija-gomilsko.rkc.si\/journal\/2020\/10\/17\/rencontre-merkel-sarko\/","title":{"rendered":"Rencontre Merkel Sarko"},"content":{"rendered":"<p>Le 16 mai 2007, aussit\u00f4t apr\u00e8s avoir \u00e9t\u00e9 investi pr\u00e9sident,. Il conna\u00eet d\u00e9j\u00e0 Angela Merkel. Comme S\u00e9gol\u00e8ne Royal, il lavait aussi rencontr\u00e9e officiellement durant la campagne. En Allemagne, le nouveau chef de l\u00c9tat arrive aur\u00e9ol\u00e9 dune r\u00e9putation ambivalente. Il a irrit\u00e9 lopinion publique par des propos destrade sur la France qui na pas invent\u00e9 la solution finale. Mais sa volont\u00e9 dagir s\u00e9duit aussi. En venant \u00e0 Berlin d\u00e8s ma prise de fonction, je nai pas seulement voulu accomplir un geste symbolique. Jai voulu exprimer mon souhait que nous nous mettions tout de suite au travail, dit-il \u00e0 la chancellerie. Nicolas Sarkozy veut sortir lEurope de la paralysie.  <img decoding=\"async\" src=\"http:\/\/img.over-blog.com\/600x445\/3\/83\/66\/06\/Album-22\/Album-24\/Album-25\/Album-26\/Album-27\/Album-28\/00180988.jpg\" alt=\"rencontre merkel sarko\" align=\"right\"> Emmanuelle B\u00e9art lors de lavant-premi\u00e8re du film Pentagon Papers au cin\u00e9ma UGC Normandie sur les Denis Guignebourg Bestimage Nul doute quil va nous en sortir dautres aussi cuisantes En clair le 4e et dernier pilier \u00e9conomique vient de s\u00e9crouler. Apr\u00e8s les taux n\u00e9gatifs, la monnaie papier, les actions, le petrodollar sest effondr\u00e9. D\u00e9sormais, seuls lincertitude et la peur seront pr\u00e9sents dans la t\u00eate des citoyens. Ca me d\u00e9range pour une raison tr\u00e8s simple: il ny a eu aucune manifestation en Belgique ou aux Etats Unis pour soutenir les Gilets Jaunes fran\u00e7ais qui ont \u00e9t\u00e9 joyeusement massacr\u00e9s par la Police fran\u00e7aise et cela pendant plus dun an avec un nombre ahurissant de yeux crev\u00e9s et mains arrach\u00e9es.  <img decoding=\"async\" src=\"http:\/\/idata.over-blog.com\/0\/07\/86\/93\/OCTOBRE2008\/12102008\/sarkozy-merkel-g4-allemagne_2.jpg\" alt=\"rencontre merkel sarko\" align=\"left\"> Fran\u00e7ois Hollande na pas \u00e9t\u00e9 de reste quand, tablant-sans raison-sur le succ\u00e8s des sociaux-d\u00e9mocrates aux l\u00e9gislatives allemandes de septembre 2013, il avait cru pouvoir mettre en place un front des pays de lEurope du Sud contre lAllemagne et ses alli\u00e9s du Nord pour contester ce qui \u00e9tait, \u00e0 ses yeux, une politique irresponsable daust\u00e9rit\u00e9. Il sest lui aussi, comme ses pr\u00e9d\u00e9cesseurs, rendu \u00e0 la raison. Dans la p\u00e9riode deuroscepticisme par laquelle passe lUnion europ\u00e9enne en ce moment, chaque citoyen europ\u00e9en est en droit de savoir de quoi est faite cette raison. LEurope est dabord un projet de paix n\u00e9 apr\u00e8s la guerre et dans les conditions de la Guerre froide, mais cet argument ne suffit plus, aujourdhui que lessentiel semble avoir \u00e9t\u00e9 fait pour pr\u00e9server la paix en Europe mais semble seulement. LEurope est ensuite un projet lib\u00e9ral color\u00e9 dinterventionnisme via la planification \u00e0 la fran\u00e7aise avec pour objectifs la croissance \u00e9conomique sans inflation et le bien-\u00eatre social. La crise a montr\u00e9 quelle \u00e9tait plus lib\u00e9rale que sociale, cest lune des raisons de la d\u00e9saffection \u00e0 l\u00e9gard du projet europ\u00e9en. Cest encore un projet int\u00e9grateur fond\u00e9 sur la mise en commun de pans des souverainet\u00e9s nationales. Les d\u00e9fenseurs de lEurope ont sans doute sur ce point particulier trop vite baiss\u00e9 les bras ces derniers temps de peur, en p\u00e9riode de repli sur soi-m\u00eame, de m\u00e9contenter les partisans dun souverainisme obsol\u00e8te dans un monde globalis\u00e9. Lancien Pr\u00e9sident, en cas de victoire finale en 2017, pourrait-il reprendre le fil du couple franco-allemand l\u00e0 o\u00f9 il lavait laiss\u00e9 pour relancer le projet europ\u00e9en? La d\u00e9sertion de ce terrain par Fran\u00e7ois Hollande, au cours de son quinquennat, laissera-t-elle des traces? Romain Sardou-Obs\u00e8ques de Mireille Darc en l\u00e9glise Saint-Sulpice \u00e0 Paris. Le 1er septembre 2017 Agence Bestimage Angela Merkel et Nicolas Sarkozy Charles Platiau Reuters Il ne perd pas de temps cette ordure inf\u00e2me, alors que les fran\u00e7ais sont en confinement et que cest le bordel en France Macron trahit encore et encore la France! Allez encore une \u00e9pid\u00e9mie comme \u00e7a et Macron livrera la France aux musulmans pour en faire un \u00e9tat islamique r\u00e9git par la charia Extraits du pr\u00e9ambule de lAgenda franco-allemand 2020  Ici en Europe, la situation est la m\u00eame, sauf que la presse \u00e9conomique se garde bien de montrer le scandale. Holger Zschaepitz en revanche a bien abord\u00e9 le probl\u00e8me: Ces ministres et autres responsables de la sant\u00e9 publique, ainsi que Macron, doivent \u00eatre d\u00e9sormais consid\u00e9r\u00e9s comme des criminels ne serait-ce que pour tous les anciens, morts seuls et sans soins dans les maisons de retraite, priv\u00e9s de tout contact familial. <img decoding=\"async\" src=\"http:\/\/denistouret.fr\/constit\/sarko-merkel-bizous.jpg\" alt=\"rencontre merkel sarko\" align=\"center\"> Bain ne communique pas aux US sur son CA mondial, et reste \u00e9galement dans le flou dans les autres pays dans la mesure des lois des soci\u00e9t\u00e9s et comptables. Ne vous trompez pas, vous \u00eates en face ici dune multinationale aux cent bras, mais dont la t\u00eate est directement li\u00e9e aux int\u00e9r\u00eats du Mossad. La cr\u00e9ature et linstrument. Juan Branco y entreprend de lever le voile sur les amis dEmmanuel Macron qui lont aid\u00e9 \u00e0 devenir pr\u00e9sident de la R\u00e9publique. Ces amis-l\u00e0 sont Bernard Arnault, le PDG du groupe LVMH et propri\u00e9taire des quotidiens Le Parisien et Les Echos, Xavier Niel, le fondateur de lop\u00e9rateur t\u00e9l\u00e9coms Free et copropri\u00e9taire du Monde et de LObs, ainsi quArnaud Lagard\u00e8re, patron de Paris Match, du Journal du Dimanche Le JDD et dEurope 1. Face \u00e0 la gravit\u00e9 de la crise en Europe, les deux leaders ont d\u00fb serrer les rangs et montrer une r\u00e9elle coh\u00e9sion. Une nouveaut\u00e9 pour Nicolas Sarkozy, qui avait entam\u00e9 son quinquennat avec une toute autre id\u00e9e en t\u00eate: sortir du simple sch\u00e9ma Paris-Berlin. Au d\u00e9but, le courant ne passe pas entre les deux chefs dEtat: leurs int\u00e9r\u00eats diff\u00e8rent. Merkel critique la vision napol\u00e9onienne de laction politique de Sarkozy. Le pr\u00e9sident fran\u00e7ais, lui, reproche \u00e0 la chanceli\u00e8re son manque de dynamisme. Finalement, la crise financi\u00e8re va les contraindre \u00e0 sentendre.<\/p>\n","protected":false},"excerpt":{"rendered":"<p>rencontre merkel sarko<\/p>\n","protected":false},"author":1,"featured_media":0,"comment_status":"closed","ping_status":"closed","sticky":false,"template":"","format":"standard","meta":{"footnotes":""},"categories":[1],"tags":[],"_links":{"self":[{"href":"http:\/\/zupnija-gomilsko.rkc.si\/journal\/wp-json\/wp\/v2\/posts\/13532"}],"collection":[{"href":"http:\/\/zupnija-gomilsko.rkc.si\/journal\/wp-json\/wp\/v2\/posts"}],"about":[{"href":"http:\/\/zupnija-gomilsko.rkc.si\/journal\/wp-json\/wp\/v2\/types\/post"}],"author":[{"embeddable":true,"href":"http:\/\/zupnija-gomilsko.rkc.si\/journal\/wp-json\/wp\/v2\/users\/1"}],"replies":[{"embeddable":true,"href":"http:\/\/zupnija-gomilsko.rkc.si\/journal\/wp-json\/wp\/v2\/comments?post=13532"}],"version-history":[{"count":1,"href":"http:\/\/zupnija-gomilsko.rkc.si\/journal\/wp-json\/wp\/v2\/posts\/13532\/revisions"}],"predecessor-version":[{"id":13533,"href":"http:\/\/zupnija-gomilsko.rkc.si\/journal\/wp-json\/wp\/v2\/posts\/13532\/revisions\/13533"}],"wp:attachment":[{"href":"http:\/\/zupnija-gomilsko.rkc.si\/journal\/wp-json\/wp\/v2\/media?parent=13532"}],"wp:term":[{"taxonomy":"category","embeddable":true,"href":"http:\/\/zupnija-gomilsko.rkc.si\/journal\/wp-json\/wp\/v2\/categories?post=13532"},{"taxonomy":"post_tag","embeddable":true,"href":"http:\/\/zupnija-gomilsko.rkc.si\/journal\/wp-json\/wp\/v2\/tags?post=13532"}],"curies":[{"name":"wp","href":"https:\/\/api.w.org\/{rel}","templated":true}]}}