
{"id":3946,"date":"2020-09-27T23:04:06","date_gmt":"2020-09-27T23:04:06","guid":{"rendered":"http:\/\/zupnija-gomilsko.rkc.si\/journal\/?p=3946"},"modified":"2020-09-22T16:14:42","modified_gmt":"2020-09-22T16:14:42","slug":"rencontre-de-quartier-meyzieu","status":"publish","type":"post","link":"http:\/\/zupnija-gomilsko.rkc.si\/journal\/2020\/09\/27\/rencontre-de-quartier-meyzieu\/","title":{"rendered":"Rencontre De Quartier Meyzieu"},"content":{"rendered":"<p>Il souhaite que la ville de Meyzieu puisse \u00eatre pionni\u00e8re sur ces questions de participation citoyenne mais aussi sur la transition \u00e9cologique, le d\u00e9veloppement \u00e9conomique ou encore le num\u00e9rique en faisant de Meyzieu une smart city en mettant les nouvelles technologies au-la cotisation sur la valeur ajout\u00e9e des entreprises CVAE. Un mini guide de conseils face au coronavirus, \u00e9labor\u00e9 par des professionnels de sant\u00e9, compl\u00e8te le dispositif-Identifier les acteurs relais des QPV permettant de rentrer en contact avec les jeunes d\u00e9s\u0153uvr\u00e9s de ces quartiers 3\u00e8me ville du d\u00e9partement Rh\u00f4ne-Alpes, V\u00e9nissieux s.. Demander des infos Nous vendons des cartes clon\u00e9es fra\u00eeches jamais utilis\u00e9es et faisons des comptes bancaires avec carte associ\u00e9e  A moins de 18 m par personne, le logement est alors surpeupl\u00e9 et cest les jeunes qui davantage par le surpeuplement. Les centre-ville et les zones \u00e9tudiantes sont souvent des quartiers de petits logements au confort limit\u00e9. Piste HonneurParc Municipal Des Sports Des Servizieres 139 Rue De La R\u00e9publique 69330 Meyzieu Type \u00e9quipement : Stade dathl\u00e9tisme ________________________________________________________________________________ NOTA : Labus dalcool est dangereux pour la sant\u00e9. Consommer avec mod\u00e9ration.  <img decoding=\"async\" src=\"http:\/\/www.home-line38.com\/photos\/20180602171849.jpg\" alt=\"rencontre de quartier meyzieu\" align=\"left\"> On peut aussi souligner ladh\u00e9sion tr\u00e8s forte 92,3 des r\u00e9pondants que rencontre la r\u00e9f\u00e9rence \u00e0 une meilleure pr\u00e9vention permettant de r\u00e9duire les probl\u00e8mes et les co\u00fbts de sant\u00e9, indication tr\u00e8s nette dun effort \u00e0 fournir dans ce domaine, ainsi quune confiance \u00e9galement \u00e9lev\u00e9e dans le pouvoir de la science en mati\u00e8re de sant\u00e9 les progr\u00e8s de la science permettront une am\u00e9lioration constante de la sant\u00e9. Cette initiative singuli\u00e8re ma bien s\u00fbr s\u00e9duit. L\u00e9quipe form\u00e9e dans le cadre de lassociation Unit\u00e9 Citoyenne Majolane, constitue aujourdhui le noyau dur de la liste Mieux Vivre \u00e0 Meyzieu, et sera, tout naturellement, conduite par Issam BENZEGHIBA. <img decoding=\"async\" src=\"http:\/\/lodel.irevues.inist.fr\/pollution-atmospherique\/docannexe\/image\/691\/img-4-small500.jpg\" alt=\"rencontre de quartier meyzieu\" align=\"right\">  Boucle facile en partie le long de la Sa\u00f4ne, traversant le petit port de plaisance de Genay et longeant un petit ruisseau. Au XIV e si\u00e8cle, le village et le ch\u00e2teau de Meyzieu entrent dans le royaume de France apr\u00e8s lacquisition du Dauphin\u00e9 en 1349 et le trait\u00e9 de Paris en 1355. \u00c0 partir de 1374, le village est inf\u00e9od\u00e9 successivement \u00e0 de nouveaux seigneurs. Parmi eux, Pierre de Tardes, \u00e9cuyer de, accueille chez lui en 1536. S\u00e9journe \u00e9galement \u00e0 Meyzieu en 1548. De nombreux propri\u00e9taires se succ\u00e8dent ensuite au gr\u00e9 des h\u00e9ritages ou des ventes. Pour interagir sur le site, vous devez d\u00e9sactiver votre anti-pub-Skype ID : live:1619f8b937bdc37d nesky seller <img decoding=\"async\" src=\"http:\/\/poutan.fr\/site\/wp-content\/uploads\/2018\/03\/Lettre-Poutan-Meizieu.jpg\" alt=\"rencontre de quartier meyzieu\" align=\"left\"> Bon \u00e0 savoir : Cette \u00e9volution vous permet de d\u00e9terminer la dynamique \u00e9conomique de la commune ou du quartier. Contact Qui sommes-nous Recrutement Publicit\u00e9 CGU Politique de cookies Donn\u00e9es Personnelles Revue de presse Jeux concours Attention, cette estimation est parfois manquante ou peu fiable du fait des informations non fournies par la DGFiP pour conserver le secret statistique sur des zones \u00e0 trop faible population-En cours de r\u00e9daction Et ce, quel que soit l\u00e9v\u00e9nement que vous organisez sur Meyzieu! Vous cherchez un groupe de musique pour faire danser les habitants de la r\u00e9gion majolane dans votre bar, restaurant, h\u00f4tel? Des musiciens pour animer votre mariage dans la r\u00e9gion de Meyzieu? Des artistes, dont beaucoup sont originaires de, pour une animation musicale pour votre f\u00eate du personnel \u00e0 Meyzieu 69330, Rh\u00f4ne? Ou m\u00eame des musiciens pour animer une ou une dans la r\u00e9gion majolane? Vous trouverez le groupe de musique quil vous faut pour votre soir\u00e9e priv\u00e9e \u00e0 Meyzieu tr\u00e8s facilement sur LiveTonight! R\u00e9servez un groupe de musique dans la r\u00e9gion majolane Je vous accueille dans ma maison familiale de Meyzieu : \u00e0 10 min en voiture de lA\u00e9roport St Exup\u00e9ry et du Groupama Stadium,\u00e0 15 min \u00e0 pied du tramT3 reliant Meyzieu avec le centre ville de Lyon 25 min de Meyzieu \u00e0 la gare Part Dieu. Elle est a 1 km du centre aquatique Les Vagues de Meyzieu qui dispose de 2 fosses de plong\u00e9e a 6 et 20 m\u00e8tres. A proximit\u00e9,diverses commodit\u00e9s : Carrefour Market, banques, pharmacie, poste, march\u00e9 les mercredis et samedis etc..<\/p>\n","protected":false},"excerpt":{"rendered":"<p>rencontre de quartier meyzieu<\/p>\n","protected":false},"author":1,"featured_media":0,"comment_status":"closed","ping_status":"closed","sticky":false,"template":"","format":"standard","meta":{"footnotes":""},"categories":[1],"tags":[],"_links":{"self":[{"href":"http:\/\/zupnija-gomilsko.rkc.si\/journal\/wp-json\/wp\/v2\/posts\/3946"}],"collection":[{"href":"http:\/\/zupnija-gomilsko.rkc.si\/journal\/wp-json\/wp\/v2\/posts"}],"about":[{"href":"http:\/\/zupnija-gomilsko.rkc.si\/journal\/wp-json\/wp\/v2\/types\/post"}],"author":[{"embeddable":true,"href":"http:\/\/zupnija-gomilsko.rkc.si\/journal\/wp-json\/wp\/v2\/users\/1"}],"replies":[{"embeddable":true,"href":"http:\/\/zupnija-gomilsko.rkc.si\/journal\/wp-json\/wp\/v2\/comments?post=3946"}],"version-history":[{"count":1,"href":"http:\/\/zupnija-gomilsko.rkc.si\/journal\/wp-json\/wp\/v2\/posts\/3946\/revisions"}],"predecessor-version":[{"id":3947,"href":"http:\/\/zupnija-gomilsko.rkc.si\/journal\/wp-json\/wp\/v2\/posts\/3946\/revisions\/3947"}],"wp:attachment":[{"href":"http:\/\/zupnija-gomilsko.rkc.si\/journal\/wp-json\/wp\/v2\/media?parent=3946"}],"wp:term":[{"taxonomy":"category","embeddable":true,"href":"http:\/\/zupnija-gomilsko.rkc.si\/journal\/wp-json\/wp\/v2\/categories?post=3946"},{"taxonomy":"post_tag","embeddable":true,"href":"http:\/\/zupnija-gomilsko.rkc.si\/journal\/wp-json\/wp\/v2\/tags?post=3946"}],"curies":[{"name":"wp","href":"https:\/\/api.w.org\/{rel}","templated":true}]}}