
{"id":3962,"date":"2020-09-27T22:35:21","date_gmt":"2020-09-27T22:35:21","guid":{"rendered":"http:\/\/zupnija-gomilsko.rkc.si\/journal\/?p=3962"},"modified":"2020-09-22T16:38:40","modified_gmt":"2020-09-22T16:38:40","slug":"la-fontaine-on-rencontre-sa-destinee","status":"publish","type":"post","link":"http:\/\/zupnija-gomilsko.rkc.si\/journal\/2020\/09\/27\/la-fontaine-on-rencontre-sa-destinee\/","title":{"rendered":"La Fontaine On Rencontre Sa Destin\u00e9e"},"content":{"rendered":"<p><img decoding=\"async\" src=\"http:\/\/www.atmosphere-citation.com\/wp-content\/uploads\/2014\/07\/citation-amour-110.jpg\" alt=\"la fontaine on rencontre sa destin\u00e9e\" align=\"right\"> La beaut\u00e9 finit en laideur, le destin de la jeunesse est d\u00eatre fl\u00e9trie, la vie nest quun lent pourrissement, nous mourons chaque jour. Autres ch\u00e8ques \u00e9pargn\u00e9s par le fisc : les \u00e9coch\u00e8ques et les ch\u00e8ques cadeaux, culture, sport, vacances. Pas de taxation dessus sils ne d\u00e9passent pas un certain montant sp\u00e9cifique \u00e0 chaque cat\u00e9gorie. Encore une magnifique journ\u00e9e pleine de d\u00e9couvertes. La rencontre avec les phoques a du \u00eatre un moment extraordinaire. La partie centrale de lavenue du Roi qui marque la limite entre les communes de Saint-Gilles et de Forest \u00e0 Bruxelles h\u00e9site entre la pampa grill\u00e9e de soleil et le canisite g\u00e9ant bord\u00e9 de marronniers. Dans ce quartier qui figure parmi les plus denses de Bruxelles, les espaces verts sont rares. Pour trouver du frais, il faut remonter vers le parc de Forest ou, plus haut, le parc Duden. Lun deux porte le sceptre, et lautre la houlette : Ils vivent en symbiose avec les m\u00e9dias, mais ne sont pas outill\u00e9s pour les comprendre. Pour le Forum des jeunes, l\u00e9ducation aux m\u00e9dias doit int\u00e9grer durgence le parcours scolaire et le Pacte dexcellence. On est tellement impersonnel, cach\u00e9, masqu\u00e9 sourire : un Errata ; mais ce sont de l\u00e9gers rem\u00e8des pour un d\u00e9faut consid\u00e9rable. Si on Masques en vente a\u0300 prix libre, du mercredi au vendredi 12h-14h sur la Table des Cre\u0301ateurs des Saveurs. Les recettes sont entie\u0300rement reverse\u0301es aux petites mains qui les ont cousus. Ce nest pas le p\u00e8re mais les amis du fils qui finissent par le convaincre de se lancer dans lar\u00e8ne politique. Alexander De Croo a la petite trentaine. La Verhofstadtmania est termin\u00e9e. Les \u00e9lections europ\u00e9ennes de 2009 se profilent et il tente le coup sans grande conviction, notamment sous les conseils dEgbert Lachaert, le m\u00eame qui vient d\u00eatre \u00e9lu pr\u00e9sident du VLD. Gr\u00e2ce \u00e0 son nom, Alexander obtient un r\u00e9sultat impressionnant 50.000 voix \u00e0 une place non \u00e9ligible. Herman a toujours voulu un successeur, confie la matriarche de la famille De Croo, Fran\u00e7oise Desguin. Alexander a voulu lui faire plaisir, mais il navait aucune ambition politique. Le gouvernement Wilm\u00e8s touche \u00e0 sa fin, les n\u00e9gociations f\u00e9d\u00e9rales se profilent. Une id\u00e9e circule : voir les chefs de gouvernement wallon et flamand, qui coop\u00e8rent bien surtout depuis la pand\u00e9mie, aider \u00e0 tenter de rapprocher les points de vue.  Citation de ; Les pens\u00e9es extraites de ses \u0153uvres 1913 La polarisation politique reprend le pas sur lunion nationale M\u00eame le pr\u00e9avis de gr\u00e8ve, d\u00e9pos\u00e9 par la CGSP enseignement le vendredi 29 mai, naura finalement \u00e9t\u00e9 suivi dans aucune \u00e9cole. Ce pr\u00e9avis a \u00e9t\u00e9 un succ\u00e8s dans le sens o\u00f9 \u00e9norm\u00e9ment de directions ont, du coup, pris la peine de consulter leur personnel pour leur expliquer les mesures. Cela a permis de postposer la rentr\u00e9e maternelle dans plusieurs \u00e9coles et ainsi \u00e9viter la pr\u00e9cipitation, d\u00e9crypte Joseph Thonon, le patron du syndicat denseignants. Selon les chiffres de la CGSP, moins de 40 des \u00e9coles maternelles ont ouvert mardi dernier, la majorit\u00e9 ayant pr\u00e9f\u00e9r\u00e9 d\u00e9caler la rentr\u00e9e dun ou quelques jours.  <img decoding=\"async\" src=\"http:\/\/penopolwy.tk\/wp-content\/uploads\/2014\/10\/140930_moulin.jpg\" alt=\"la fontaine on rencontre sa destin\u00e9e\" align=\"right\"> Well stop supporting this browser soon. For the best experience please. On rencontre sa destin\u00e9e souvent par les chemins quon prend pour l\u00e9viter La destin\u00e9e? Reste \u00e0 savoir en effet comme le dit si bien Ypell plus haut, si notre chemin de vie est trac\u00e9 par une puissance divine on pense au karma-oui on pas derreur&#8211;lol ou dans la grande roue de la fortune et que nous les Humains navons pas de prise sur les \u00e9v\u00e8nements qui affectentaffecteront son d\u00e9roulement. <img decoding=\"async\" src=\"http:\/\/pbs.twimg.com\/media\/CUcUZoFWIAA-f7Q.png\" alt=\"la fontaine on rencontre sa destin\u00e9e\" align=\"right\"> Es wurde keine Index-Seite z.B index.html oder index.php hinterlegt  Il y a des rencontres qui marquent, pour diff\u00e9rentes raisons. Des rencontres qui vont nous accompagner le long du chemin, fid\u00e8lement, dautres qui dispara\u00eetront aussi vite quelles sont arriv\u00e9es, mais qui resteront grav\u00e9es, l\u00e0-haut, dans la mati\u00e8re grise. Des belles rencontres, des laides, des marrantes, des fugaces, des quil faudrait \u00e9viter. Sans doute peut on penser quelles sont toutes utiles, toutes anim\u00e9es dun but pr\u00e9cis, plus ou moins \u00e9vident, plus ou moins marquant. Ballott\u00e9e entre deux v\u00e9rit\u00e9s douteuses, les versions contradictoires des m\u00eames faits, accroch\u00e9e \u00e0 limage dun bracelet que sa tante lui a offert, ou non, \u00e0 la naissance, Giovanna souffre de d\u00e9couvrir les infinies nuances de gris qui s\u00e9parent le blanc du noir et leur confortable contraste. Selon le sociologue, le sentiment dindignation est tr\u00e8s profond, et de deux natures diff\u00e9rentes. Pendant ce temps, anonyme, d\u00e9sesp\u00e9r\u00e9 par son plus mauvais Tour depuis son accession au gotha des coureurs par \u00e9tapes 15e, et malgr\u00e9 un maillot \u00e0 pois piqu\u00e9 lavant-dernier jour \u00e0 Tim Wellens, lAuvergnat sest mur\u00e9 dans sa d\u00e9tresse, peut-\u00eatre victime dun burn out. Il d\u00e9cida, en tout cas tout comme son compatriote Pinot darr\u00eater les frais d\u00e9but ao\u00fbt. En concertation avec ses dirigeants bien \u00e9videmment, qui lui font confiance depuis ses d\u00e9buts professionnels 2012.<\/p>\n","protected":false},"excerpt":{"rendered":"<p>la fontaine on rencontre sa destin\u00e9e<\/p>\n","protected":false},"author":1,"featured_media":0,"comment_status":"closed","ping_status":"closed","sticky":false,"template":"","format":"standard","meta":{"footnotes":""},"categories":[1],"tags":[],"_links":{"self":[{"href":"http:\/\/zupnija-gomilsko.rkc.si\/journal\/wp-json\/wp\/v2\/posts\/3962"}],"collection":[{"href":"http:\/\/zupnija-gomilsko.rkc.si\/journal\/wp-json\/wp\/v2\/posts"}],"about":[{"href":"http:\/\/zupnija-gomilsko.rkc.si\/journal\/wp-json\/wp\/v2\/types\/post"}],"author":[{"embeddable":true,"href":"http:\/\/zupnija-gomilsko.rkc.si\/journal\/wp-json\/wp\/v2\/users\/1"}],"replies":[{"embeddable":true,"href":"http:\/\/zupnija-gomilsko.rkc.si\/journal\/wp-json\/wp\/v2\/comments?post=3962"}],"version-history":[{"count":1,"href":"http:\/\/zupnija-gomilsko.rkc.si\/journal\/wp-json\/wp\/v2\/posts\/3962\/revisions"}],"predecessor-version":[{"id":3963,"href":"http:\/\/zupnija-gomilsko.rkc.si\/journal\/wp-json\/wp\/v2\/posts\/3962\/revisions\/3963"}],"wp:attachment":[{"href":"http:\/\/zupnija-gomilsko.rkc.si\/journal\/wp-json\/wp\/v2\/media?parent=3962"}],"wp:term":[{"taxonomy":"category","embeddable":true,"href":"http:\/\/zupnija-gomilsko.rkc.si\/journal\/wp-json\/wp\/v2\/categories?post=3962"},{"taxonomy":"post_tag","embeddable":true,"href":"http:\/\/zupnija-gomilsko.rkc.si\/journal\/wp-json\/wp\/v2\/tags?post=3962"}],"curies":[{"name":"wp","href":"https:\/\/api.w.org\/{rel}","templated":true}]}}