
{"id":3994,"date":"2020-09-27T23:42:46","date_gmt":"2020-09-27T23:42:46","guid":{"rendered":"http:\/\/zupnija-gomilsko.rkc.si\/journal\/?p=3994"},"modified":"2020-09-22T17:45:02","modified_gmt":"2020-09-22T17:45:02","slug":"rencontre-raku-giroussens","status":"publish","type":"post","link":"http:\/\/zupnija-gomilsko.rkc.si\/journal\/2020\/09\/27\/rencontre-raku-giroussens\/","title":{"rendered":"Rencontre Raku Giroussens"},"content":{"rendered":"<p>D\u00e9pression et rencontre amoureuse New Dans le silence et dans la paix viens rencontrer le dieu vivant Re: un bicroos mon reve devenir pro en bicross 04052008 01:36 rencontre myst\u00e9rieuse de la ma\u00eetrise et de lal\u00e9atoire, aventure fragile entre le songe du potier et la m\u00e9tamorphose par le feu. <img decoding=\"async\" src=\"http:\/\/cdn.purple.fr\/67b612df10d3ebcc2827ae49bacb47f7\/static.purple.fr\/2018\/02\/UNGER-BLISTENE03-copie-216x300.jpg\/300x300\/UNGER-BLISTENE03-copie-216x300.jpg\" alt=\"rencontre raku giroussens\" align=\"center\"> Remarque, sil na que 12 ans, il a le droit de r\u00eaver \u00e0 tout pleins de trucs Mise en ligne : Emilie 5 octobre 2011 Tags :,,,,, Categorie : <img decoding=\"async\" src=\"http:\/\/www.line.wassanaonline.com\/upload\/pro\/201603\/new-v215-kess-v2-unlimited-token-version-6.jpg\" alt=\"rencontre raku giroussens\" align=\"center\"> Vous devez \u00eatre connect\u00e9 pour laisser un commentaire Atelier du centre de c\u00e9ramique de Giroussens : 10h-13h 14h-17h sur 2 jours les vote son pa clos les gen continuez a votez merci de votre soutien La boutique LE POT A LENVERS est la vitrine du savoir-faire des c\u00e9ramistes professionnels, membres de lassociation TERRES.. 1990 Galerie des Franciscains rencontre c\u00e9ramique contemporaine ST-NAZAIRE Mdr, \u00e9coute pour 1000e par moi je tapprend le bunny hop quand tu veux ; Le r\u00e9sultat toujours spontan\u00e9, et inattendu est une totale d\u00e9couverte dans la joie!  La pr\u00e9sente depuis le 22 mai 2010 Terre de Sens. Cette exposition se termine le dimanche 26 septembre 2010.  <img decoding=\"async\" src=\"http:\/\/www.sucgarandspice.cf\/17417-thickbox_default\/porte-cles-delbin.jpg\" alt=\"rencontre raku giroussens\" align=\"left\"> je pensais alors mattacher davantage \u00e0 pourquoi je fais des pi\u00e8ces et non pas comment je les fais. La simplicit\u00e9 de la technique mise en \u0153uvre m aurait permis de me concentrer sur le sens des choses. Est ce vraiment un choix? Ou simplement lhistoire qui fait que je nai plus travaill\u00e9 quavec cette approche? Ma vie ne se limite pas \u00e0 la c\u00e9ramique, et mon besoin constant de temps saccommode bien de la rapidit\u00e9 de r\u00e9alisation des pi\u00e8ces ainsi faites. Il me faut trainer beaucoup avant de prendre la d\u00e9cision de commencer un travail. Mais une fois cette d\u00e9cision prise, tout senchaine dans une suite dexp\u00e9rimentations rarement renouvel\u00e9es. Jai tr\u00e8s vite compris que le comment faire est directement li\u00e9 au pourquoi. Et que tout dans cette tentative allait \u00eatre important : les outils, les mat\u00e9riaux, le lieu de travail. Tout le reste de ma vie aussi, qui ne devait plus converger que vers cette id\u00e9e : devenir pratiquant mais pratiquer sans dogme. Ta dla chance on est pa encore tp mechan ac twa donc soi tu par ou soi tu reste mai tu va te faire jeter des pierre Pour que cette page fonctionne correctement, vous devez activer Javascript bernard grosse merdeapprend le buny up avec un bmx de 15 kg tu d\u00e9colera plus apr\u00e9 Ce matin il fait tr\u00e8s humide et les br\u00fbleurs sont d\u00e9j\u00e0 allum\u00e9s. Je vais cuire quelques petites pi\u00e8ces. Cuissons de couleurs; je nose plus dire cuisson d\u00e9mail, tellement tout \u00e7a est bricol\u00e9. Je vais rajouter une peau, une mue sur les terres d\u00e9j\u00e0 cuites. Une peau qui se construit de couches en couches au fur et \u00e0 mesure des cuissons retouches, recouvrements, repentirs incessants. Rarement la premi\u00e8re cuisson suffit. Il faut stratifier le travail, le s\u00e9dimenter dans le temps et dans lespace, pour cr\u00e9er le derme qui prot\u00e8gera le vide, \u00e9loignant la peur dune mati\u00e8re trop nue, impudique. Les cuissons sont rapides et se suivent comme des actes tranch\u00e9s. Cuissons rapides cela suffirait-il \u00e0 d\u00e9finir ce que je fais? Ne faudrait-il pas dire cuissons rapides mais r\u00e9p\u00e9t\u00e9es cuissons rapides quoique? tellement tout peut \u00eatre, \u00e0 ce niveau, remis en question. Je pr\u00e9f\u00e8re plus simplement dire que je fais de la terre cuite engob\u00e9e, \u00e9maill\u00e9e, recouverte de terre crue parfois. Tout ici, nait de l impatience, dune f\u00e9brilit\u00e9 incontr\u00f4lable qui me fait marcher de long en large de latelier au four tracer le chemin par pas r\u00e9p\u00e9t\u00e9s, comme je r\u00e9p\u00e8te les passages de couleurs sur la pi\u00e8ce croyant, esp\u00e9rant pouvoir mat\u00e9rialiser la vision que jen ai eu. Peu de place laiss\u00e9e au hasard beaucoup \u00e0 laccident. 1990 Galerie La Maison du Potier Bols Raku \u00e0 DINAN Je red\u00e9couvre largile dans tous ses \u00e9tats, Du cru au cuit : la forme, le plein et le vide, lengobe, la chair de la terre, Diverses rencontres, colloques,d\u00e9monstrations, et spectacles seront notamment pr\u00e9vus durant ces 3 jours \u00e0 la salle polyvalente. Une exposition sur ce th\u00e8me, dont le vernissage aura lieu vendredi \u00e0 20 heures, sera \u00e9galement propos\u00e9e par C\u00e9ramique Giroussens dans le cadre de ces journ\u00e9es, et restera \u00e0 laffiche jusquau 6 janvier 2013. .<\/p>\n","protected":false},"excerpt":{"rendered":"<p>rencontre raku giroussens<\/p>\n","protected":false},"author":1,"featured_media":0,"comment_status":"closed","ping_status":"closed","sticky":false,"template":"","format":"standard","meta":{"footnotes":""},"categories":[1],"tags":[],"_links":{"self":[{"href":"http:\/\/zupnija-gomilsko.rkc.si\/journal\/wp-json\/wp\/v2\/posts\/3994"}],"collection":[{"href":"http:\/\/zupnija-gomilsko.rkc.si\/journal\/wp-json\/wp\/v2\/posts"}],"about":[{"href":"http:\/\/zupnija-gomilsko.rkc.si\/journal\/wp-json\/wp\/v2\/types\/post"}],"author":[{"embeddable":true,"href":"http:\/\/zupnija-gomilsko.rkc.si\/journal\/wp-json\/wp\/v2\/users\/1"}],"replies":[{"embeddable":true,"href":"http:\/\/zupnija-gomilsko.rkc.si\/journal\/wp-json\/wp\/v2\/comments?post=3994"}],"version-history":[{"count":1,"href":"http:\/\/zupnija-gomilsko.rkc.si\/journal\/wp-json\/wp\/v2\/posts\/3994\/revisions"}],"predecessor-version":[{"id":3995,"href":"http:\/\/zupnija-gomilsko.rkc.si\/journal\/wp-json\/wp\/v2\/posts\/3994\/revisions\/3995"}],"wp:attachment":[{"href":"http:\/\/zupnija-gomilsko.rkc.si\/journal\/wp-json\/wp\/v2\/media?parent=3994"}],"wp:term":[{"taxonomy":"category","embeddable":true,"href":"http:\/\/zupnija-gomilsko.rkc.si\/journal\/wp-json\/wp\/v2\/categories?post=3994"},{"taxonomy":"post_tag","embeddable":true,"href":"http:\/\/zupnija-gomilsko.rkc.si\/journal\/wp-json\/wp\/v2\/tags?post=3994"}],"curies":[{"name":"wp","href":"https:\/\/api.w.org\/{rel}","templated":true}]}}