
{"id":4028,"date":"2020-09-28T12:57:36","date_gmt":"2020-09-28T12:57:36","guid":{"rendered":"http:\/\/zupnija-gomilsko.rkc.si\/journal\/?p=4028"},"modified":"2020-09-22T18:37:30","modified_gmt":"2020-09-22T18:37:30","slug":"cardinal-mort-chez-une-prostituee","status":"publish","type":"post","link":"http:\/\/zupnija-gomilsko.rkc.si\/journal\/2020\/09\/28\/cardinal-mort-chez-une-prostituee\/","title":{"rendered":"Cardinal Mort Chez Une Prostitu\u00e9e"},"content":{"rendered":"<p><img decoding=\"async\" src=\"http:\/\/i24.servimg.com\/u\/f24\/11\/45\/06\/31\/hitler10.jpg\" alt=\"cardinal mort chez une prostitu\u00e9e\" align=\"right\"> <img decoding=\"async\" src=\"http:\/\/www.excellent.dressyourboyfriend.com\/sites\/default\/files\/spectacle_galerie\/schatten2.jpg\" alt=\"cardinal mort chez une prostitu\u00e9e\" align=\"center\"> D\u00e9couvrez nos offres 100 num\u00e9rique \u00e0 partir de 1 le premier mois Le mouvement ayant pris de lampleur, de nombreuses victimes se font conna\u00eetre et un deuxi\u00e8me d\u00e9p\u00f4t de plainte est fait en janvier 2016. Cette fois, quatre plaintes sont retenues par le parquet de Lyon. Le 27 janvier 2016, le p\u00e8re Preynat est mis en examen. Une information judiciaire est ouverte pour agressions sexuelles et viols sur mineurs de 15 ans par personne ayant autorit\u00e9. Import urlsitesallmodulescontribpanelspluginslayoutsonecolonecol.css?qbqum3; La famille Borgia-Chapitre VIII. La mort dAlexandre VI. Bilan dun r\u00e8gne-Presses universitaires de la M\u00e9diterran\u00e9e  Que ce soit apr\u00e8s une premi\u00e8re alerte, lorsque lon souffre dangine de poitrine ou que lon est atteint dinsuffisance cardiaque, les cardiologues recommandent syst\u00e9matiquement un entra\u00eenement adapt\u00e9 \u00e0 leffort, car celui-ci entretient la machine. \u00c9v\u00eaques, et dun ton de m\u00e9pris, lui r\u00e9pondit: Qui! toi, archev\u00eaque de Cambrai! en lui faisant sentir sa bassesse et plus On ne sait rien des origines de Rainier Sacconi, dit de Plaisance. Apr\u00e8s avoir v\u00e9cu dans lh\u00e9r\u00e9sie pendant plus de dix-sept ans il a m\u00eame \u00e9t\u00e9 \u00e9v\u00eaque cathare, il se convertit au catholicisme et, du m\u00eame mouvement, entre dans lordre des Fr\u00e8res pr\u00eacheurs. Cest la pr\u00e9dication de Pierre de V\u00e9rone qui stimule son z\u00e8le contre les cathares ; apr\u00e8s la mort de garderais bien dopiner du bonnet, mais que je parlerais de toute ma force contre la constitution, son enregistrement, sa Ministre g\u00e9n\u00e9ral de lordre des Franciscains, appartenant \u00e0 la tendance des spirituels. N\u00e9 \u00e0 Cesena, Michel fait ses \u00e9tudes \u00e0 Paris 1315-1316, o\u00f9 il devient ma\u00eetre en th\u00e9ologie ; il est \u00e9lu ministre g\u00e9n\u00e9ral des Fr\u00e8res mineurs au chapitre g\u00e9n\u00e9ral de Naples, en 1316. Il essaie dabord de r\u00e9concilier les deux camps adverses les spirituels et les Fr\u00e8res Les Anges et leur mission, dapr\u00e8s les P\u00e8res de l\u00c9glise, Descl\u00e9e, Paris, 1952 saying Umenyiora did an ;outstanding joboverall as a player and mentor. Merci, merci, merci pour ce reportage! Je trouve que cest tellement \u00e7a quil faut montrer : la solidarit\u00e9 au quotidien et surtout dans les quartiers populaires. \u00c7a redonne tellement espoir dans les gens et le futur. On voit quil y a tellement de gens qui aiment aider leur prochain. Et surtout cest inspirant. On voudrait nous faire croire que lon vit une \u00e9poque de chacun pour soit. L\u00eatre humain nest pas comme \u00e7a, cest faux. Lui en plut; le commerce dune riche et nombreuse noblesse, la beaut\u00e9 du lieu et du climat, une mani\u00e8re de centre et de milieu Partager ce contenu Created with Sketch. Close Created with Sketch. Partager  qui avait extr\u00eamement lair dun homme de guerre, et qui parlait un jargon partie fran\u00e7ais et allemand. Il avait de lesprit Non leveto, vous n\u00eates pas la seule victime, javais \u00e9galement lu le message de untel, remplac\u00e9 ensuite par un message de romy qui a \u00e9galement disparu! Je ne dis pas que cest vous d\u00e9lirez, m\u00eame si nous ne sommes pas toujours daccord sur tout. L\u00c9glise catholique expliqua alors que le cardinal visitait fr\u00e9quemment les malades et les prostitu\u00e9es. Le communiqu\u00e9 officiel ajouta que c\u00e9tait dans l\u00e9pectase de lAp\u00f4tre quil \u00e9tait all\u00e9 \u00e0 la rencontre du Dieu Vivant, employant ainsi un terme th\u00e9ologique d\u00e9signant leffort de l\u00e2me vers la saintet\u00e9, abondamment comment\u00e9 par Dani\u00e9lou lui-m\u00eame dans Platonisme et th\u00e9ologie mystique 1944. <img decoding=\"async\" src=\"http:\/\/www.majojng.gq\/images\/G3rVw4n7bmfu\/femme-sanita-flexible-closed-back-gwenore-PQ80.jpg\" alt=\"cardinal mort chez une prostitu\u00e9e\" align=\"right\"> la vue de pouvoir \u00eatre d\u00e9pouill\u00e9s de la pourpre arr\u00eaterait en beaucoup doccasions. A loccasion du 250e anniversaire de limplantation de l\u00c9glise \u00e0 Maurice, en 1972, S.S. Le Pape Paul Vl a \u00e9lev\u00e9 Monseigneur Marg\u00e9ot \u00e0 la dignit\u00e9 dassistant au Tr\u00f4ne Pontifical. Puis au d\u00e9but de mai, le Saint-P\u00e8re le nommait membre de la Congr\u00e9gation pour l\u00c9vang\u00e9lisation des Peuples 1972-1983.  Que reproche-t-on exactement au Cardinal Barbarin? Partie I \u00e0 Rome la plus distingu\u00e9e et la plus soutenue, et beaucoup dautorit\u00e9 dans toutes les affaires; aim\u00e9, respect\u00e9, estim\u00e9 et.<\/p>\n","protected":false},"excerpt":{"rendered":"<p>cardinal mort chez une prostitu\u00e9e<\/p>\n","protected":false},"author":1,"featured_media":0,"comment_status":"closed","ping_status":"closed","sticky":false,"template":"","format":"standard","meta":{"footnotes":""},"categories":[1],"tags":[],"_links":{"self":[{"href":"http:\/\/zupnija-gomilsko.rkc.si\/journal\/wp-json\/wp\/v2\/posts\/4028"}],"collection":[{"href":"http:\/\/zupnija-gomilsko.rkc.si\/journal\/wp-json\/wp\/v2\/posts"}],"about":[{"href":"http:\/\/zupnija-gomilsko.rkc.si\/journal\/wp-json\/wp\/v2\/types\/post"}],"author":[{"embeddable":true,"href":"http:\/\/zupnija-gomilsko.rkc.si\/journal\/wp-json\/wp\/v2\/users\/1"}],"replies":[{"embeddable":true,"href":"http:\/\/zupnija-gomilsko.rkc.si\/journal\/wp-json\/wp\/v2\/comments?post=4028"}],"version-history":[{"count":1,"href":"http:\/\/zupnija-gomilsko.rkc.si\/journal\/wp-json\/wp\/v2\/posts\/4028\/revisions"}],"predecessor-version":[{"id":4029,"href":"http:\/\/zupnija-gomilsko.rkc.si\/journal\/wp-json\/wp\/v2\/posts\/4028\/revisions\/4029"}],"wp:attachment":[{"href":"http:\/\/zupnija-gomilsko.rkc.si\/journal\/wp-json\/wp\/v2\/media?parent=4028"}],"wp:term":[{"taxonomy":"category","embeddable":true,"href":"http:\/\/zupnija-gomilsko.rkc.si\/journal\/wp-json\/wp\/v2\/categories?post=4028"},{"taxonomy":"post_tag","embeddable":true,"href":"http:\/\/zupnija-gomilsko.rkc.si\/journal\/wp-json\/wp\/v2\/tags?post=4028"}],"curies":[{"name":"wp","href":"https:\/\/api.w.org\/{rel}","templated":true}]}}