
{"id":4054,"date":"2020-09-28T09:17:17","date_gmt":"2020-09-28T09:17:17","guid":{"rendered":"http:\/\/zupnija-gomilsko.rkc.si\/journal\/?p=4054"},"modified":"2020-09-22T19:15:19","modified_gmt":"2020-09-22T19:15:19","slug":"dodo-rencontre","status":"publish","type":"post","link":"http:\/\/zupnija-gomilsko.rkc.si\/journal\/2020\/09\/28\/dodo-rencontre\/","title":{"rendered":"Dodo Rencontre"},"content":{"rendered":"<p>Pour \u00eatre alert\u00e9 par email dune r\u00e9action \u00e0 ce commentaire, merci de Chaque matin \u00e0 8 heures, recevez lessentiel de lactualit\u00e9 pour bien d\u00e9marrer la journ\u00e9e Saisissez votre adresse mail de connexion afin de recevoir un lien pour r\u00e9initialiser votre mot de passe. Adresse mail Hygi\u00e8ne d\u00e9plorable, entassement dans les \u00e9coutilles qui ne laissaient pas m\u00eame aux esclaves de quoi se tenir debout! Et la demeure des ma\u00eetres? Les \u00e9l\u00e8ves connaissaient le trop fameux Code noir qui sera r\u00e9dig\u00e9 afin de r\u00e9pondre aux questions de gestion des esclaves et de leurs \u00e9ventuels \u00e9carts de conduite. On \u00e9voque alors les cas de r\u00e9volte, \u00e0 Saint-Domingue. Je suis Abidjan, j ai 38ans, je recherche un homme c\u00e9libataire, partout dans le monde. Pour \u00eatre alert\u00e9 par email dune r\u00e9action \u00e0 ce commentaire, merci de  Cet oiseau disparu appartenait \u00e0 la famille des columbid\u00e9s, et \u00e9tait un proche parent des pigeons asiatiques. Il n\u00e9tait pr\u00e9sent que sur l\u00eele Maurice. Dodo rencontre le Docteur et Steven par le plus grand des hasards The massacre. Apr\u00e8s avoir vu un enfant \u00eatre renvers\u00e9 par une voiture, elle cherche de laide et confond le Tardis avec une vraie cabine de police. En rentrant dedans, elle rencontre le Docteur, qui, en voyant des policiers arriver, panique et fait d\u00e9coller le vaisseau, malgr\u00e9 la col\u00e8re de Steven. Sans le savoir, Dodo va convaincre ce dernier de rester, en leur apprenant quelle est dorigine fran\u00e7aise et que son nom est Chaplet, comme Anne Chaplet, une protestante quil pensait mort pendant la St-Barth\u00e9l\u00e9my. <img decoding=\"async\" src=\"http:\/\/pleinmilieu.com\/wp-content\/uploads\/2017\/12\/DSC_8204terrainsvagues_cecilejaillard-520x400.jpg\" alt=\"dodo rencontre\" align=\"right\"> Enle lyc\u00e9e se classe 15 e sur au niveau d\u00e9partemental en termes de qualit\u00e9 denseignement, et e au niveau national. Le lyc\u00e9e participe \u00e9galement chaque ann\u00e9e depuis \u00e0 la comp\u00e9tition lyc\u00e9enne de Questions pour un championgagnant lors de la premi\u00e8re ann\u00e9e de participation 57 et envoyant depuis lors ses \u00e9l\u00e8ves jusquaux finales, ainsi quaux Olympiades internationales de g\u00e9osciencesgagnant \u00e0 l\u00e9dition Le classement national des classes pr\u00e9paratoires aux grandes \u00e9coles CPGE se fait en fonction du taux dadmission des \u00e9l\u00e8ves dans les grandes \u00e9coles. <img decoding=\"async\" src=\"http:\/\/images.charentelibre.fr\/2018\/09\/05\/5b8fe7d37971bbbf39619943\/golden\/roumazieres-loubert-la-maki-un-lieu-de-rencontre-et-de-convivialite-pour-tous-a-roumazieres.jpg\" alt=\"dodo rencontre\" align=\"left\"> Dodo Toucan, loiseau de la c\u00e9ramique Le avril 5, 2016 R\u00e9\u00e9couter Philosopher avec Rohmer 33 : Fabrice Luchini : Celui qui ma nomm\u00e9, cest Eric Rohmer \u00e9couter 58 min 58 min <img decoding=\"async\" src=\"http:\/\/cocinasanaconernestsubirana.files.wordpress.com\/2013\/03\/alcachofas-con-jamon-ibc3a9rico2.jpg\" alt=\"dodo rencontre\" align=\"center\"> Recevoir une notification par e-mail lorsquune r\u00e9ponse est post\u00e9e Petite taille mais grande star : voici les c\u00e9l\u00e9brit\u00e9s qui mesurent moins d1m60 Pas du tout! Le tout allait \u00eatre suivi de pr\u00e8s par une brigade de jur\u00e9es de choc, form\u00e9e de 4 \u00e9l\u00e8ves arborant toque blanche et mine grave de circonstance! Cerise sur le smoothie? Deux bonnes raisons de se d\u00e9localiser! Pas originale, la sortie? Finalit\u00e9 des visites? On a aussi r\u00e9serv\u00e9 une s\u00e9ance suppl\u00e9mentaire afin de restituer les derniers titres emprunt\u00e9s! Leurs retours ont \u00e9t\u00e9 tr\u00e8s positifs. Lever de rideau sur cette s\u00e9ance! Tout a donc commenc\u00e9 avec la lecture en classe du texte de Magali Mougel, choisi comme support de travail.  La mesure visant \u00e0 apporter un accompagnement gouvernemental \u00e0 certaines activit\u00e9s relevant de la micro-\u00e9conomie avait d\u00e9j\u00e0 \u00e9t\u00e9 \u00e9dict\u00e9e parmi les 19.. Pour \u00eatre alert\u00e9 par email dune r\u00e9action \u00e0 ce commentaire, merci de jai 23 ans je vis en guin\u00e9e je veux \u00eatre membre de ce groupeprostitution .<\/p>\n","protected":false},"excerpt":{"rendered":"<p>dodo rencontre<\/p>\n","protected":false},"author":1,"featured_media":0,"comment_status":"closed","ping_status":"closed","sticky":false,"template":"","format":"standard","meta":{"footnotes":""},"categories":[1],"tags":[],"_links":{"self":[{"href":"http:\/\/zupnija-gomilsko.rkc.si\/journal\/wp-json\/wp\/v2\/posts\/4054"}],"collection":[{"href":"http:\/\/zupnija-gomilsko.rkc.si\/journal\/wp-json\/wp\/v2\/posts"}],"about":[{"href":"http:\/\/zupnija-gomilsko.rkc.si\/journal\/wp-json\/wp\/v2\/types\/post"}],"author":[{"embeddable":true,"href":"http:\/\/zupnija-gomilsko.rkc.si\/journal\/wp-json\/wp\/v2\/users\/1"}],"replies":[{"embeddable":true,"href":"http:\/\/zupnija-gomilsko.rkc.si\/journal\/wp-json\/wp\/v2\/comments?post=4054"}],"version-history":[{"count":1,"href":"http:\/\/zupnija-gomilsko.rkc.si\/journal\/wp-json\/wp\/v2\/posts\/4054\/revisions"}],"predecessor-version":[{"id":4055,"href":"http:\/\/zupnija-gomilsko.rkc.si\/journal\/wp-json\/wp\/v2\/posts\/4054\/revisions\/4055"}],"wp:attachment":[{"href":"http:\/\/zupnija-gomilsko.rkc.si\/journal\/wp-json\/wp\/v2\/media?parent=4054"}],"wp:term":[{"taxonomy":"category","embeddable":true,"href":"http:\/\/zupnija-gomilsko.rkc.si\/journal\/wp-json\/wp\/v2\/categories?post=4054"},{"taxonomy":"post_tag","embeddable":true,"href":"http:\/\/zupnija-gomilsko.rkc.si\/journal\/wp-json\/wp\/v2\/tags?post=4054"}],"curies":[{"name":"wp","href":"https:\/\/api.w.org\/{rel}","templated":true}]}}