
{"id":4106,"date":"2020-09-28T09:14:34","date_gmt":"2020-09-28T09:14:34","guid":{"rendered":"http:\/\/zupnija-gomilsko.rkc.si\/journal\/?p=4106"},"modified":"2020-09-22T20:57:25","modified_gmt":"2020-09-22T20:57:25","slug":"agenda-rencontre-decitre","status":"publish","type":"post","link":"http:\/\/zupnija-gomilsko.rkc.si\/journal\/2020\/09\/28\/agenda-rencontre-decitre\/","title":{"rendered":"Agenda Rencontre Decitre"},"content":{"rendered":"<p>17 janvier : projection de Mika, mi guerra de Espa\u00f1a, documentaire de Fito Pochat Javier Olivera Argentine, 2013, VOSTF. Voir le suivie dune rencontre avec l\u00e9ditrice du formidable r\u00e9cit de Mika Etcheb\u00e9h\u00e8re : Ma guerre dEspagne \u00e0 moi, \u00e9d. Milena, 2014. One Man Show Suite \u00e0 larr\u00eat\u00e9 minist\u00e9riel du 10 mars 2020 prolongeant linterdiction des concerts dans des salles de.. \u00c0 lissue de la rencontre, la librairie Decitre proposera \u00e0 la vente les ouvrages des deux auteurs. 18 novembre : DEUX COURTS METRAGES ARABES par lassociation MAALISH 16 juin : LES ENJEUX DE LEDITION ELECTRONIQUE Lecteurs, \u00e9diteurs, libraires. Rencontre-d\u00e9bat \u00e0 loccasion de la parution du livre de Marin Dacos et Pierre Mounier : L\u00e9dition \u00e9lectronique, La D\u00e9couverte, collection Rep\u00e8res avec Pierre MOUNIER, du Centre pour l\u00e9dition \u00e9lectronique CNRS-EHESS, Erik FITOUSSI, de la librairie Passages, d\u00e9bat anim\u00e9 par Eric VERDEILCNRS, Lyon \u00e9diteur de la revue papier et num\u00e9rique G\u00e9ocarrefour.  <img decoding=\"async\" src=\"http:\/\/cdn.purple.fr\/d92b03ab2675cd3cb24162436f604f46\/static.purple.fr\/2018\/07\/2240936-300x200.jpg\/290x196c\/2240936-300x200.jpg\" alt=\"agenda rencontre decitre\" align=\"left\"> <img decoding=\"async\" src=\"http:\/\/www.meniiscus.ga\/fileadmin\/_processed_\/csm_giselle_88fc4bc0da.jpg\" alt=\"agenda rencontre decitre\" align=\"right\">  Rencontre-d\u00e9dicace avec Robert Hue et S\u00e9bastien Nadot Samedi 18 juin Lyon 7 juin : COLLECTIF 4 bis : Le CPE est mort Pas la pr\u00e9carit\u00e9!Retour sur le printemps \u00e9tudiant 2006, Syllepses, mai 2007. Pas dinterruption dactivit\u00e9, pas de reprise dactivit\u00e9 <img decoding=\"async\" src=\"http:\/\/cdn.gamingcloud.com\/img\/general\/dlgames\/screenshots\/25084_2.jpg\" alt=\"agenda rencontre decitre\" align=\"center\"> Contact : _________________________________________________________ Du 23 avril au 31 mai 2016 5\u00e8me salon du livre des tout petits et de la jeunesse Mairie du 7\u00e8 Paris 9 novembre 2011 : Chantal VERDEIL pour Le Moyen-Orient par les textes XIXe-XXIe si\u00e8cle, \u00e9d. Armand Colin, 2011 5, 6 et 7 mars 2010 : comme chaque ann\u00e9e, Terre des livres a eu le plaisir de pr\u00e9senter, \u00e0 loccasion de la 24e \u00e9dition, un vaste choix de litt\u00e9ratures dans son domaine de sp\u00e9cialit\u00e9, le Monde arabe et les Afriques. Et deux belles plumes de la collection Territoires : Jean-Paul Malaval et Jean-Fran\u00e7ois Bazin, malheureusement disparu en avril dernier Entretien sur la nouvelle litt\u00e9rature espagnole : rencontre avec Mathias Enard, Prix Goncourt 2015, et l\u00e9crivain et traducteur Robert Juan Cantavella Messages : Enregistr\u00e9 le : mar f\u00e9vr. 07, 2006 8:08 pm Contact :  La R\u00e9gion propose un compl\u00e9ment aux entreprises en difficult\u00e9.<\/p>\n","protected":false},"excerpt":{"rendered":"<p>agenda rencontre decitre<\/p>\n","protected":false},"author":1,"featured_media":0,"comment_status":"closed","ping_status":"closed","sticky":false,"template":"","format":"standard","meta":{"footnotes":""},"categories":[1],"tags":[],"_links":{"self":[{"href":"http:\/\/zupnija-gomilsko.rkc.si\/journal\/wp-json\/wp\/v2\/posts\/4106"}],"collection":[{"href":"http:\/\/zupnija-gomilsko.rkc.si\/journal\/wp-json\/wp\/v2\/posts"}],"about":[{"href":"http:\/\/zupnija-gomilsko.rkc.si\/journal\/wp-json\/wp\/v2\/types\/post"}],"author":[{"embeddable":true,"href":"http:\/\/zupnija-gomilsko.rkc.si\/journal\/wp-json\/wp\/v2\/users\/1"}],"replies":[{"embeddable":true,"href":"http:\/\/zupnija-gomilsko.rkc.si\/journal\/wp-json\/wp\/v2\/comments?post=4106"}],"version-history":[{"count":1,"href":"http:\/\/zupnija-gomilsko.rkc.si\/journal\/wp-json\/wp\/v2\/posts\/4106\/revisions"}],"predecessor-version":[{"id":4107,"href":"http:\/\/zupnija-gomilsko.rkc.si\/journal\/wp-json\/wp\/v2\/posts\/4106\/revisions\/4107"}],"wp:attachment":[{"href":"http:\/\/zupnija-gomilsko.rkc.si\/journal\/wp-json\/wp\/v2\/media?parent=4106"}],"wp:term":[{"taxonomy":"category","embeddable":true,"href":"http:\/\/zupnija-gomilsko.rkc.si\/journal\/wp-json\/wp\/v2\/categories?post=4106"},{"taxonomy":"post_tag","embeddable":true,"href":"http:\/\/zupnija-gomilsko.rkc.si\/journal\/wp-json\/wp\/v2\/tags?post=4106"}],"curies":[{"name":"wp","href":"https:\/\/api.w.org\/{rel}","templated":true}]}}