
{"id":4166,"date":"2020-09-28T06:21:29","date_gmt":"2020-09-28T06:21:29","guid":{"rendered":"http:\/\/zupnija-gomilsko.rkc.si\/journal\/?p=4166"},"modified":"2020-09-22T23:24:04","modified_gmt":"2020-09-22T23:24:04","slug":"parole-rencontre-memoriam","status":"publish","type":"post","link":"http:\/\/zupnija-gomilsko.rkc.si\/journal\/2020\/09\/28\/parole-rencontre-memoriam\/","title":{"rendered":"Parole Rencontre Memoriam"},"content":{"rendered":"<p><img decoding=\"async\" src=\"http:\/\/jonathanlevineprojects.com\/wp-content\/uploads\/2018\/08\/xnew.jpg.pagespeed.ic.oGMjKcdm8o.jpg\" alt=\"parole rencontre memoriam\" align=\"left\"> Norman Rockwell, pendant la guerre, comme Tex Avery, Walt Disney, Charlie Chaplin, Frank Capra, Ernst Lubitsch, Clark Gable ou Arthur Szyk, a particip\u00e9 \u00e0 leffort de guerre. Le directeur du M\u00e9morial, St\u00e9phane Grimaldi ne pouvait qu\u00eatre satisfait, notamment lorsque le dernier jour affichait complet aujourdhui : On a franchi une nouvelle \u00e9tape. Le M\u00e9morial a la cr\u00e9dibilit\u00e9 suffisante aujourdhui pour produire des expositions de cette importance, ce qui n\u00e9tait pas le cas il y a dix ans. Il devient un lieu dexpression artistique. Les objectifs prioritaires de la mission de pr\u00e9figuration sont notamment de pr\u00e9parer lappel doffre en vue dun concours darchitecte pour la cr\u00e9ation du Mus\u00e9e, d\u00e9finir son lieu dimplantation, structurer la conception du Mus\u00e9e m\u00e9morial autour dun comit\u00e9 de pilotage gr\u00e2ce \u00e0 la consultation de personnalit\u00e9s, experts et partenaires concernant les aspects p\u00e9dagogique, scientifique, m\u00e9moriel et institutionnel du projet. Au nom des artistes intern\u00e9s aux Milles, comme Hans Bellmer, Max Ernst, Franz Meyer, qui ont su r\u00e9sister par la cr\u00e9ation aux conditions inhumaines de d\u00e9tention dans ce lieu qui deviendra un camp de d\u00e9portation \u00e0 l\u00e9t\u00e9 1942, le Site-m\u00e9morial rend hommage aujourdhui au super-h\u00e9ros am\u00e9ricains qui se sont dress\u00e9s contre la x\u00e9nophobie et lantis\u00e9mitisme, contre le fascisme et la barbarie qui frappaient le Vieux Continent et mena\u00e7aient leur propre pays. <img decoding=\"async\" src=\"http:\/\/i1231.photobucket.com\/albums\/ee512\/zonal_marking\/France-Croatia%20graphic_zpsirgpbvm6.png\" alt=\"parole rencontre memoriam\" align=\"right\"> Alg\u00e9rie, 1990 : une vague de violence plonge le pays dans la haine et la terreur. Une jeune femme, professeur danglais, tente dabord de r\u00e9sister puis finit par quitter son pays puisquil est Norman Rockwell 1894-1978 est, avant de devenir un peintre, le c\u00e9l\u00e8bre illustrateur du Saturday Evening Post pour lequel il collaborera pendant plus de 40 ans. \u00c0 ce titre, il observe la soci\u00e9t\u00e9 am\u00e9ricaine avec une bienveillance, voire une grande tendresse qui lui sera parfois reproch\u00e9e.  Mes tres sinceres sympathies C\u00e9line et a toutes ta belle grande famille d amour xox Maman Dion mere de nous tous dans nos coeurs vous y resterer Ange de grand coeur et d espoir <img decoding=\"async\" src=\"http:\/\/africultures.com\/wp-content\/uploads\/2012\/images\/1405692770_1.jpg\" alt=\"parole rencontre memoriam\" align=\"left\"> Par son titre myst\u00e9rieux et paradoxal, le livre de Marcel Cohen me troubla. En secret, je fomentais une hypoth\u00e8se. Curieusement, mon trouble saccentua au cours de la I am so sorry to hear about the loss of Maman Th\u00e9r\u00e8se Dion. I unfortunately never got the opportunity to meet her in person, but I know she loved you all so dearly. Im so grateful to her that she gave all her love and support in order to show C\u00e9lines gift to the entire world, starting with the absolutely beautiful: Ce n\u00e9tait quun r\u00eave. She continues to live on through C\u00e9line and the familys music, courage, strength, and love. Rest in peace, Maman Th\u00e9r\u00e8se Dion. CONF\u00c9RENCE-D\u00c9BAT : LA PENS\u00c9E LIBRE AU D\u00c9FI DES EXTR\u00c9MISMES EN EUROPE partageons des informations sur lutilisation de notre site avec de partenaires de m\u00e9dias sociaux, de publicit\u00e9 et danalyse. Au cours de cette visite d1h30, r\u00e9alis\u00e9e par un historien du mus\u00e9e, vous seront pr\u00e9sent\u00e9s les diff\u00e9rents espaces mus\u00e9ographiques avec un zoom sur les th\u00e9matiques li\u00e9es \u00e0 la vie quotidienne. Face aux engrenages des extr\u00e9mismes racistes et antis\u00e9mites  Le Site-M\u00e9morial du Camp des Milles propose aux visiteurs de nombreux activit\u00e9s durant toute lann\u00e9e : Ateliers p\u00e9dagogiques et de recherche, conf\u00e9rences, d\u00e9bats, centre de formation, activit\u00e9s culturelles, films, expositions temporaires.. 19032020 au 20042020  s\u00e9jour que jai fait en Ha\u00efti, apr\u00e8s le d\u00e9part du petit dictateur. Les cantiques du Royaume sont les chants religieux que les T\u00e9moins de J\u00e9hovah utilisent dans le cadre de leurs r\u00e9unions hebdomadaires. Ils concernent tous les aspects du service chr\u00e9tien et ont tous pour base un verset biblique. Ils durent environ trois minutes.<\/p>\n","protected":false},"excerpt":{"rendered":"<p>parole rencontre memoriam<\/p>\n","protected":false},"author":1,"featured_media":0,"comment_status":"closed","ping_status":"closed","sticky":false,"template":"","format":"standard","meta":{"footnotes":""},"categories":[1],"tags":[],"_links":{"self":[{"href":"http:\/\/zupnija-gomilsko.rkc.si\/journal\/wp-json\/wp\/v2\/posts\/4166"}],"collection":[{"href":"http:\/\/zupnija-gomilsko.rkc.si\/journal\/wp-json\/wp\/v2\/posts"}],"about":[{"href":"http:\/\/zupnija-gomilsko.rkc.si\/journal\/wp-json\/wp\/v2\/types\/post"}],"author":[{"embeddable":true,"href":"http:\/\/zupnija-gomilsko.rkc.si\/journal\/wp-json\/wp\/v2\/users\/1"}],"replies":[{"embeddable":true,"href":"http:\/\/zupnija-gomilsko.rkc.si\/journal\/wp-json\/wp\/v2\/comments?post=4166"}],"version-history":[{"count":1,"href":"http:\/\/zupnija-gomilsko.rkc.si\/journal\/wp-json\/wp\/v2\/posts\/4166\/revisions"}],"predecessor-version":[{"id":4167,"href":"http:\/\/zupnija-gomilsko.rkc.si\/journal\/wp-json\/wp\/v2\/posts\/4166\/revisions\/4167"}],"wp:attachment":[{"href":"http:\/\/zupnija-gomilsko.rkc.si\/journal\/wp-json\/wp\/v2\/media?parent=4166"}],"wp:term":[{"taxonomy":"category","embeddable":true,"href":"http:\/\/zupnija-gomilsko.rkc.si\/journal\/wp-json\/wp\/v2\/categories?post=4166"},{"taxonomy":"post_tag","embeddable":true,"href":"http:\/\/zupnija-gomilsko.rkc.si\/journal\/wp-json\/wp\/v2\/tags?post=4166"}],"curies":[{"name":"wp","href":"https:\/\/api.w.org\/{rel}","templated":true}]}}