
{"id":4182,"date":"2020-09-28T01:32:37","date_gmt":"2020-09-28T01:32:37","guid":{"rendered":"http:\/\/zupnija-gomilsko.rkc.si\/journal\/?p=4182"},"modified":"2020-09-22T23:49:37","modified_gmt":"2020-09-22T23:49:37","slug":"rencontres-franco-allemandes-berlin","status":"publish","type":"post","link":"http:\/\/zupnija-gomilsko.rkc.si\/journal\/2020\/09\/28\/rencontres-franco-allemandes-berlin\/","title":{"rendered":"Rencontres Franco Allemandes Berlin"},"content":{"rendered":"<p>La remise des prix se d\u00e9roule en alternance \u00e0 Paris et \u00e0 Berlin, \u00e0 la fin du mois de juin. En 2013, quand le PFAJ f\u00eate son 30\u00e8me anniversaire, la c\u00e9r\u00e9monie a lieu \u00e0 Paris. Expositions Manifesta 13 d\u00e9voile 47 artistes pour Marseille K\u00e9vin D, 17 ans au moment des faits : audition de la victime Centre franco-allemand de Touraine 18 rue Galpin Thiou 37000 Tours Tu recevras mes conseils directement dans votre boite mail chaque semaine. Et si cela ne te plait pas? Pas de probl\u00e8me, tu peux te d\u00e9sinscrire en un clic!  0901 \u00c9couter \u00c9couter Ajouter \u00e0 la playlist Beatmakers S1 110 : Imhotep pour IAM <img decoding=\"async\" src=\"http:\/\/www.cafepedagogique.net\/SiteCollectionImages\/1411126.jpg\" alt=\"rencontres franco allemandes berlin\" align=\"center\">  Lexposition sur le Mur de Berlin est ouverte \u00e0 tous au CDI du lyc\u00e9e. Und das nicht nur, weil sie an die acht Jahre wie an einen Albtraum denkt, in denen d er Vertrag verhandelt und seine Verabschiedung verfehlt wurde-er ist erst im vergangenen Dezember in Kraft getreten. <img decoding=\"async\" src=\"http:\/\/www.assemblee-nationale.fr\/13\/international\/images\/berlin-janvier-2012-2.jpg\" alt=\"rencontres franco allemandes berlin\" align=\"right\"> Conseil des ministres franco-allemand, 10 d\u00e9cembre 2010 \u00e0. Geiss Peter, Le Quintrec Guillaume dir, HistoireGeschichte : lEurope et le monde depuis 1945, manuel dhistoire franco-allemand, Terminales LESS, Paris, Nathan, 2006 avec un cd-rom comportant un chapitre suppl\u00e9mentaire pour les Terminales S : La colonisation europ\u00e9enne et le syst\u00e8me colonial et trente-huit sujets de pr\u00e9paration au baccalaur\u00e9at, 335 pages. French German Digital Community-Digital Club Franco Allemand Dans les vestiaires, la distance doit \u00e9galement \u00eatre respect\u00e9e, et les \u00e9quipes entrent sur la pelouse lune apr\u00e8s lautre par le tunnel, toujours en gardant les distances. Aucun contact: ni poign\u00e9e de main, ni photo de groupe, ni \u00e9change de fanions. CAMBODGE-DIPLOMATIE: Le 12 aout, lUE pr\u00e9voit toujours de sanctionner le royaume Ainsi, l e couple franco-allemand e s t de retour.. Beno\u00eet Ribadeau-Dumas, lhomme le plus puissant de France?; Agn\u00e8s Buzyn, la femme \u00e0 l\u00e9go le plus d\u00e9connect\u00e9 du r\u00e9el, LREM parti le plus d\u00e9boussol\u00e9, la Justice, minist\u00e8re ayant le plus rat\u00e9 le confinement; Ces LR qui sallient avec LFI contre Amazon <img decoding=\"async\" src=\"http:\/\/www2.assemblee-nationale.fr\/var\/ezflow_site\/storage\/images\/media\/organes-parlementaires\/commissions-permanentes\/defense\/rencontre-des-delegations-des-commissions-parlementaires-francaises-et-allemandes-chargees-de-la-defense-15-decembre-2016-bundestag-a-berlin\/485425-1-fre-FR\/rencontre-des-delegations-des-commissions-parlementaires-francaises-et-allemandes-chargees-de-la-defense-15-decembre-2016-bundestag-a-berlin.jpg\" alt=\"rencontres franco allemandes berlin\" align=\"left\">  Biblioth\u00e8que nationale et universitaire de Strasbourg Le s\u00e9jour dans l\u00e9tablissement partenaire fran\u00e7ais ma permis dapprofondir mes comp\u00e9tences techniques de fa\u00e7on \u00e9vidente et de les mettre facilement en pratique sur place, dans les ateliers mis \u00e0 disposition des \u00e9tudiants sur place. Cest un enrichissement ind\u00e9niable puisque cela est impossible dans mon \u00e9tablissement dorigine, o\u00f9 plusieurs centaines d\u00e9tudiants sont inscrits dans mon cursus. Cet approfondissement acad\u00e9mique et pratique a de plus \u00e9t\u00e9 compl\u00e9t\u00e9 par un \u00e9change interculturel intensif avec mes camarades fran\u00e7ais. Cela a \u00e9galement \u00e9t\u00e9 loccasion dapprendre \u00e0 conna\u00eetre la culture du travail \u00e0 la fran\u00e7aise. Pour finir, jaimerais ajouter que mon cursus de master binational a eu un impact positif lors de ma recherche de stage et ma permis de me distinguer des autres \u00e9tudiants. Gr\u00e2ce \u00e0 cela, je poursuis actuellement mon s\u00e9jour en France par un stage entre Paris et Francfort. Les apprentis ont travaill\u00e9 en groupes de trois ou quatre du mardi au jeudi pour concevoir et r\u00e9aliser les productions suivantes, qui ont \u00e9t\u00e9 pr\u00e9sent\u00e9es et d\u00e9gust\u00e9es le jeudi 21 septembre 2017 au salon Lafontaine : L OFAJ offre une grande vari\u00e9t\u00e9 de programmes et projets et organise r\u00e9guli\u00e8rement des rencontres de jeunes. CoPr\u00e9sident fondateur du Comit\u00e9 M\u00e9c\u00e9nat de lOrdre National des Experts-Comptables, Charles-Henri Diriart prend la direction g\u00e9n\u00e9rale de la maison de vente Piasa. Il remplace Marie Filippi. Urlaub nach Corona: Sehnsucht nach Abenteuer-Lust auf Natur 18. Mai 2020 10:04 OpenEdition est un portail de ressources \u00e9lectroniques en sciences humaines et sociales.<\/p>\n","protected":false},"excerpt":{"rendered":"<p>rencontres franco allemandes berlin<\/p>\n","protected":false},"author":1,"featured_media":0,"comment_status":"closed","ping_status":"closed","sticky":false,"template":"","format":"standard","meta":{"footnotes":""},"categories":[1],"tags":[],"_links":{"self":[{"href":"http:\/\/zupnija-gomilsko.rkc.si\/journal\/wp-json\/wp\/v2\/posts\/4182"}],"collection":[{"href":"http:\/\/zupnija-gomilsko.rkc.si\/journal\/wp-json\/wp\/v2\/posts"}],"about":[{"href":"http:\/\/zupnija-gomilsko.rkc.si\/journal\/wp-json\/wp\/v2\/types\/post"}],"author":[{"embeddable":true,"href":"http:\/\/zupnija-gomilsko.rkc.si\/journal\/wp-json\/wp\/v2\/users\/1"}],"replies":[{"embeddable":true,"href":"http:\/\/zupnija-gomilsko.rkc.si\/journal\/wp-json\/wp\/v2\/comments?post=4182"}],"version-history":[{"count":1,"href":"http:\/\/zupnija-gomilsko.rkc.si\/journal\/wp-json\/wp\/v2\/posts\/4182\/revisions"}],"predecessor-version":[{"id":4183,"href":"http:\/\/zupnija-gomilsko.rkc.si\/journal\/wp-json\/wp\/v2\/posts\/4182\/revisions\/4183"}],"wp:attachment":[{"href":"http:\/\/zupnija-gomilsko.rkc.si\/journal\/wp-json\/wp\/v2\/media?parent=4182"}],"wp:term":[{"taxonomy":"category","embeddable":true,"href":"http:\/\/zupnija-gomilsko.rkc.si\/journal\/wp-json\/wp\/v2\/categories?post=4182"},{"taxonomy":"post_tag","embeddable":true,"href":"http:\/\/zupnija-gomilsko.rkc.si\/journal\/wp-json\/wp\/v2\/tags?post=4182"}],"curies":[{"name":"wp","href":"https:\/\/api.w.org\/{rel}","templated":true}]}}