
{"id":4184,"date":"2020-09-28T00:26:34","date_gmt":"2020-09-28T00:26:34","guid":{"rendered":"http:\/\/zupnija-gomilsko.rkc.si\/journal\/?p=4184"},"modified":"2020-09-22T23:49:45","modified_gmt":"2020-09-22T23:49:45","slug":"rencontres-capitales-pharo-marseille","status":"publish","type":"post","link":"http:\/\/zupnija-gomilsko.rkc.si\/journal\/2020\/09\/28\/rencontres-capitales-pharo-marseille\/","title":{"rendered":"Rencontres Capitales Pharo Marseille"},"content":{"rendered":"<p>RAS, MORPHEUS, toujours aussi pertinent et aussi pr\u00e9cis.. 5 refuser la disparition de largent monnaie en refusant lors du renouvellement de votre carte loption paiement sans contact cest possible mais faut le savoir, le faire 2 mois avant \u00e9ch\u00e9ance et informer le plus de gens possible, commer\u00e7ants compris, de larnaque car peu ont vu le changement ni ne savent quon peut les voler sans effractions juste en passant pr\u00e8s deux. Quant \u00e0 la s\u00e9curit\u00e9, de quelle s\u00e9curit\u00e9 parle-t-on? Pr\u00e9sident de l\u00c9tablissement Public du Ch\u00e2teau de Versailles cerveau fatigu\u00e9 ces temps-ci, trop de travaux manuels.. Le 27042011 dans Propos sur le pouvoir 95 commentaires Le Rendez-vous des acteurs de la Transition \u00c9nerg\u00e9tique Le Bureau M\u00e9tropolitain des Congr\u00e8s Aix-Marseille Provence est int\u00e9gr\u00e9 au sein de lOffice de Tourisme et des Congr\u00e8s. Il participe pleinement \u00e0 la dynamique de promotion, dattractivit\u00e9 et de rayonnement de la ville. Comment adapter votre entreprise \u00e0 la transformation digitale? <img decoding=\"async\" src=\"http:\/\/yourcommunicationwithme.com\/wp-content\/uploads\/2015\/09\/CAP-COM-7e-Rencontres-de-la-com-num%C3%A9rique-Programme-604x270.jpg\" alt=\"rencontres capitales pharo marseille\" align=\"left\"> un changement de mod\u00e8le \u00e9conomique des salons professionnels ; Cest dans un tr\u00e8s bel \u00e9crin parisien d\u00e9cor\u00e9 par le duo des, quAnne Millet nous d\u00e9voile la toute nouvelle.. Cette r\u00e9union sera anim\u00e9e par un expert de la CCIMP et un repr\u00e9sentant du Comit\u00e9 Local des Banques. Elle b\u00e9n\u00e9ficiera \u00e9galement du t\u00e9moignage de lentreprise,. <img decoding=\"async\" src=\"http:\/\/cdn.purple.fr\/d58902d1def377dfb4e6199ed0e48211\/static.purple.fr\/2018\/03\/E9B6057-copie-300x200.jpg\/300x300\/E9B6057-copie-300x200.jpg\" alt=\"rencontres capitales pharo marseille\" align=\"right\"> La R\u00e9gion Sud se mobilise pour aider les entreprises \u00e0 commander des masques en garantissant une livraison s\u00e9curis\u00e9 sous 10 jours une fois la commande pass\u00e9e et \u00e0 prix fixe de 0,68 par masque. La logistique est assur\u00e9e par CEVA Logistics, filiale du groupe CMACGM. Du mardi 14 novembre 2017 au samedi 30 d\u00e9cembre 2017 8 mai Marseille-Canebi\u00e8re Bal Patriotique 10 au 13 mai Hagueneau 67 Z\u00e9bulon, le man\u00e8ge musical et Zab \u00e0 lorgue de Barbarie le 26122013 dans Controverses et droit de r\u00e9ponse 728 commentaires le 08022013 dans Signes de vie dune Europe des citoyens 119 commentaires   La triste nouvelle est donc quil ny aura pas d\u00e9dition 2020 du VYV Festival. <img decoding=\"async\" src=\"http:\/\/www.kinncaids.gq\/44074-home_default\/chaussures-puma-w-suede-heart-lunalux-cream-tan.jpg\" alt=\"rencontres capitales pharo marseille\" align=\"center\"> Cest avec beaucoup de bonheur et de cr\u00e9ativit\u00e9 que La Table de Cana a mis en oeuvre cette superbe soir\u00e9e le 15 novembre 2017. Des animations sur mesure pour des clients extraordinaires : des ateliers culinaires Waterzoi de saumon, mini chop de lapin \u00e0 la Kriek, roul\u00e9 de chicons fa\u00e7on gratin., en passant par les serveurs clin doeil \u00e0 Magritte, la d\u00e9coration, sans oublier les cornets de frites! Pour le moment, les fran\u00e7ais qui prennent connaissance du d\u00e9veloppement du dispositif de paiement sans contact ne font pas encore le lien. Ils sont plut\u00f4t content de ces avanc\u00e9es technologiques. Du vendredi 13 f\u00e9vrier 2015 au dimanche 15 f\u00e9vrier 2015 le 25092013 dans Sentinelles du peuple 26 commentaires .<\/p>\n","protected":false},"excerpt":{"rendered":"<p>rencontres capitales pharo marseille<\/p>\n","protected":false},"author":1,"featured_media":0,"comment_status":"closed","ping_status":"closed","sticky":false,"template":"","format":"standard","meta":{"footnotes":""},"categories":[1],"tags":[],"_links":{"self":[{"href":"http:\/\/zupnija-gomilsko.rkc.si\/journal\/wp-json\/wp\/v2\/posts\/4184"}],"collection":[{"href":"http:\/\/zupnija-gomilsko.rkc.si\/journal\/wp-json\/wp\/v2\/posts"}],"about":[{"href":"http:\/\/zupnija-gomilsko.rkc.si\/journal\/wp-json\/wp\/v2\/types\/post"}],"author":[{"embeddable":true,"href":"http:\/\/zupnija-gomilsko.rkc.si\/journal\/wp-json\/wp\/v2\/users\/1"}],"replies":[{"embeddable":true,"href":"http:\/\/zupnija-gomilsko.rkc.si\/journal\/wp-json\/wp\/v2\/comments?post=4184"}],"version-history":[{"count":1,"href":"http:\/\/zupnija-gomilsko.rkc.si\/journal\/wp-json\/wp\/v2\/posts\/4184\/revisions"}],"predecessor-version":[{"id":4185,"href":"http:\/\/zupnija-gomilsko.rkc.si\/journal\/wp-json\/wp\/v2\/posts\/4184\/revisions\/4185"}],"wp:attachment":[{"href":"http:\/\/zupnija-gomilsko.rkc.si\/journal\/wp-json\/wp\/v2\/media?parent=4184"}],"wp:term":[{"taxonomy":"category","embeddable":true,"href":"http:\/\/zupnija-gomilsko.rkc.si\/journal\/wp-json\/wp\/v2\/categories?post=4184"},{"taxonomy":"post_tag","embeddable":true,"href":"http:\/\/zupnija-gomilsko.rkc.si\/journal\/wp-json\/wp\/v2\/tags?post=4184"}],"curies":[{"name":"wp","href":"https:\/\/api.w.org\/{rel}","templated":true}]}}