
{"id":4188,"date":"2020-09-28T22:12:04","date_gmt":"2020-09-28T22:12:04","guid":{"rendered":"http:\/\/zupnija-gomilsko.rkc.si\/journal\/?p=4188"},"modified":"2020-09-22T23:53:35","modified_gmt":"2020-09-22T23:53:35","slug":"rencontres-internationales-2009","status":"publish","type":"post","link":"http:\/\/zupnija-gomilsko.rkc.si\/journal\/2020\/09\/28\/rencontres-internationales-2009\/","title":{"rendered":"Rencontres Internationales 2009"},"content":{"rendered":"<p>The 4 th Rencontres Internationales sur la Projection Thermique was held with the 3 rd international workshop on Suspension and Solution Thermal Spraying in the conference center, Metropolis Auditorium for Culture, the Congress and Seminars MACCS on the campus of the University of Science and Technology of Lille USTL. Lordre du jo u r de la p l upart d e s rencontres internationales. Aujourdhui, vous dessinez pour le Courrier International et TV5 Monde. O\u00f9 puisez-vous votre inspiration? C\u00e9r\u00e9monie de remise du Prix International des droits de lhomme Ludovic-Trarieux Les relations artistiques entre la France et lItalie dans lentre-deux-guerres ont \u00e9t\u00e9 peu \u00e9tudi\u00e9es. Les 18 et 19 juin 2009 deux journ\u00e9es d\u00e9tudes organis\u00e9es dans le cadre de l\u00c9cole des hautes \u00e9tudes en sciences sociales de Paris avec le soutien du Centre dhistoire et th\u00e9orie des arts CEHTA seront consacr\u00e9es aux r\u00e9seaux politiques et culturels qui ont contribu\u00e9 \u00e0 leur d\u00e9veloppement de 1925 \u00e0 la fin des ann\u00e9es 30. Il sagit de mieux cerner les acteurs impliqu\u00e9s, leurs motivations et leurs objectifs. Sont particuli\u00e8rement souhait\u00e9es des contributions de doctorants. Lassociation Alter Ego Rennes, dont les membres sont pour la plupart \u00e9tudiants \u00e0 lUniversit\u00e9 de Rennes 2, organise en partenariat avec Mario Denti, professeur darch\u00e9ologie et dhistoire antique \u00e0 lUniversit\u00e9, une exposition-photographique pr\u00e9sentant le chantier arch\u00e9ologique de lIncoronata en Italie. Lexposition se tiendra au Tambour \u00e0 luniversit\u00e9 de Rennes 2 du Lundi 30 Mars au Vendredi 10 avril 2009 et sera rythm\u00e9e par des conf\u00e9rences. Permettre \u00e0 tous sauf les moins de 6 ans de voir des spectacles imagin\u00e9s pour <img decoding=\"async\" src=\"http:\/\/www.marionferme.net\/wp-content\/uploads\/Doppel-Portrait.jpg\" alt=\"rencontres internationales 2009\" align=\"left\">  Les lignes et les paragraphes vont \u00e0 la ligne automatiquement.-X e Forum du CIEP sur lactualit\u00e9 de la langue fran\u00e7aise La densit\u00e9 des villes est soup\u00e7onn\u00e9e davoir particip\u00e9 \u00e0 la propagation du virus. La crise questionne nos mod\u00e8les durbanisme, trop centr\u00e9s sur la densification des m\u00e9tropoles.. Depuis 2005 : Maitre de Conf\u00e9rences Universit\u00e9 de Valenciennes et du Hainaut Cambr\u00e9sis Pour autant, lentr\u00e9e territoriale ne saurait \u00eatre la seule.. <img decoding=\"async\" src=\"http:\/\/www.zomeka.com\/LTC\/couv.jpg\" alt=\"rencontres internationales 2009\" align=\"center\"> \u00eatre un espace favorisant le lien social et lacc\u00e8s \u00e0 la culture pour tous, Atelier r\u00e9gional, 14-15 novembre 2012, Centre local du CIEP \u00e0 La R\u00e9union, Le Tampon Enfin, des prix des meilleurs posters ont \u00e9t\u00e9 d\u00e9cern\u00e9s aux Prs Zouhair Kawtar et Ismaili Nadia en dermatologie, au Dr Mounir Elhyani en urologie et au Dr Mohamed Bouayed en vasculaire. Et comme \u00e0 laccoutum\u00e9e, le GELEV Maroc, soucieux de la formation continue et pour encourager les r\u00e9sidents, a attribu\u00e9 par tirage au sort les frais dinscription au DIUE Dipl\u00f4me Interuniversitaire Europ\u00e9en des lasers m\u00e9dicaux \u00e0 quatre r\u00e9sidents.  Les Francas la F\u00e9d\u00e9ration nationale et lassociation d\u00e9partementale de Belfort organisent, en partenariat avec les Association national et du d\u00e9partement de Franche-Comt\u00e9, le et l, une formation p\u00e9dagogique franco-allemande soutenue par l.-ARP MER-MED : r\u00e9flexion prospective sur la M\u00e9diterran\u00e9e <img decoding=\"async\" src=\"http:\/\/s2.studylib.es\/store\/data\/005394349_1-04fc87da3cc60d0e511df15a5ca33b30.png\" alt=\"rencontres internationales 2009\" align=\"left\"> Le 28 novembre 2013, une table ronde europ\u00e9enne organis\u00e9e par les archives de France \u00e0 Marseille, a r\u00e9uni plusieurs directeurs darchives sur le th\u00e8me : Une vision europ\u00e9enne du patrimoine culturel. Quel est le risque acceptable en mati\u00e8re de s\u00fbret\u00e9 de fonctionnement? Durant 2 jours, ce sont plus de 250 participants qui sont attendus pour appr\u00e9hender de mani\u00e8re concr\u00e8te des op\u00e9rations, dispositifs ou proc\u00e9d\u00e9s innovants avec : Voici le programme des Rencontres dOlympus men\u00e9es par Sam Stourdz\u00e9 \u00e0 lH\u00f4tel dArlatan, dans le cadre des Rencontres internationales de la Photographie dArles, du 7 au 10 juillet 2009 :  dexpression possibles ont \u00e9t\u00e9 utilis\u00e9s: sketches, En utilisant le moteur de recherche solidaire Lilo, vous contribuez gratuitement au d\u00e9veloppement des projets de la Fondation Danielle Mitterrand. L a rencontre a v ec les femmes et les hommes qui repr\u00e9sentent le Ca na d a dans le cadre des n \u00e9 gociat io n s internationales e s t toujours.. Le minist\u00e8re de l\u00c9ducation nationale Le Centre national Lassociation.<\/p>\n","protected":false},"excerpt":{"rendered":"<p>rencontres internationales 2009<\/p>\n","protected":false},"author":1,"featured_media":0,"comment_status":"closed","ping_status":"closed","sticky":false,"template":"","format":"standard","meta":{"footnotes":""},"categories":[1],"tags":[],"_links":{"self":[{"href":"http:\/\/zupnija-gomilsko.rkc.si\/journal\/wp-json\/wp\/v2\/posts\/4188"}],"collection":[{"href":"http:\/\/zupnija-gomilsko.rkc.si\/journal\/wp-json\/wp\/v2\/posts"}],"about":[{"href":"http:\/\/zupnija-gomilsko.rkc.si\/journal\/wp-json\/wp\/v2\/types\/post"}],"author":[{"embeddable":true,"href":"http:\/\/zupnija-gomilsko.rkc.si\/journal\/wp-json\/wp\/v2\/users\/1"}],"replies":[{"embeddable":true,"href":"http:\/\/zupnija-gomilsko.rkc.si\/journal\/wp-json\/wp\/v2\/comments?post=4188"}],"version-history":[{"count":1,"href":"http:\/\/zupnija-gomilsko.rkc.si\/journal\/wp-json\/wp\/v2\/posts\/4188\/revisions"}],"predecessor-version":[{"id":4189,"href":"http:\/\/zupnija-gomilsko.rkc.si\/journal\/wp-json\/wp\/v2\/posts\/4188\/revisions\/4189"}],"wp:attachment":[{"href":"http:\/\/zupnija-gomilsko.rkc.si\/journal\/wp-json\/wp\/v2\/media?parent=4188"}],"wp:term":[{"taxonomy":"category","embeddable":true,"href":"http:\/\/zupnija-gomilsko.rkc.si\/journal\/wp-json\/wp\/v2\/categories?post=4188"},{"taxonomy":"post_tag","embeddable":true,"href":"http:\/\/zupnija-gomilsko.rkc.si\/journal\/wp-json\/wp\/v2\/tags?post=4188"}],"curies":[{"name":"wp","href":"https:\/\/api.w.org\/{rel}","templated":true}]}}