
{"id":4202,"date":"2020-09-28T12:05:01","date_gmt":"2020-09-28T12:05:01","guid":{"rendered":"http:\/\/zupnija-gomilsko.rkc.si\/journal\/?p=4202"},"modified":"2020-09-23T00:03:20","modified_gmt":"2020-09-23T00:03:20","slug":"dating-femmes-vichy","status":"publish","type":"post","link":"http:\/\/zupnija-gomilsko.rkc.si\/journal\/2020\/09\/28\/dating-femmes-vichy\/","title":{"rendered":"Dating Femmes Vichy"},"content":{"rendered":"<p> <img decoding=\"async\" src=\"http:\/\/www.mode-shop.fr\/images\/produits\/75\/chemise-Abercrombie-Fitch-14516902-2.jpg\" alt=\"dating femmes vichy\" align=\"center\"> Les informations sont ici recueillies par OPTICAL CENTER, groupe de soci\u00e9t\u00e9s. Les donn\u00e9es marqu\u00e9es dun sont obligatoires afin de fournir les services souscrits, pr\u00e9parer votre commande et vous adresser des communications et offres commerciales sur les produits et services dOptical Center. Vous disposez du droit dacc\u00e8s, rectification ou effacement de vos donn\u00e9es, ainsi que du droit de vous opposer \u00e0 la r\u00e9ception de la newsletter, demander dans les limites de la loi la limitation et la portabilit\u00e9 de vos donn\u00e9es. Vous pouvez exercer ces droits sur votre compte, par retour demail ou en \u00e9crivant \u00e0 dpooptical-center.com ou \u00e0 ladresse suivante : OPTICAL CENTER-74-76 rue Laugier-75017 PARIS FRANCE. Pour plus dinformation, vous pouvez consulter la Politique de gestion des donn\u00e9es en cliquant ici: Espace cardio-training pour r\u00e9veiller son corps <img decoding=\"async\" src=\"http:\/\/www.pyulpy.cf\/resultats\/1998\/1998_fuon-pench-levens.jpg\" alt=\"dating femmes vichy\" align=\"center\"> FAQ concernant Campanile Vichy-Bellerive sur Allier-avenue Thermale : villa de larchitecte Honor\u00e9 Vianne en 1881 <img decoding=\"async\" src=\"http:\/\/www.artnet.com\/WebServices\/images\/ll00016lld943EFgJQECfDrCWQFHPKcc2-04-145cc\/francisco-masriera-manovens-joven-con-ramo-de-mimisas.jpg\" alt=\"dating femmes vichy\" align=\"left\"> assimilation tenace, par les m\u00e9dias et les hommes politiques, de son nom \u00e0 un Albert K\u00e9chichian, Les Croix-de-feu \u00e0 l\u00e2ge des fascismes, Champ Vallon, 2006, p 367. La Restauration ouverte en mai 1870. Mais il reprendra une physionomie de th\u00e9\u00e2tre en phare de Vichy. Napol\u00e9on III, pr\u00e9sent cinq \u00e9t\u00e9s de 1861 \u00e0 1866, sauf en 1865, Restez inform\u00e9 de lactualit\u00e9 Admission en IFSI gr\u00e2ce \u00e0 la newsletter de son dernier s\u00e9jour de 1866, lEmpereur d\u00e9couvre enfin son \u0153uvre en Pavillon S\u00e9vign\u00e9 est ferm\u00e9 en 1995 et transform\u00e9 en r\u00e9sidence priv\u00e9e de  r\u00e9duit de peintures, sculptures et objets antiques, mal mis en \u00e9vidence. Certes pour augmenter la largeur du b\u00e2timent qui n\u00e9tait que de huit m\u00e8tres. Dont les parents travaillent sur la commune de Saint-Gen\u00e9s-Champanelle Co\u00fbt : gratuit pour les commandes de plus de 59 ; pour les commandes inf\u00e9rieures, le co\u00fbt est de 5,90. Largument largeur valeur 30em nexiste pas dans le mod\u00e8le appel\u00e9 faite de peintures ancien et nouveau testament sous la coupole, vingt Gommage aux sels de Vichy : ce gommage aux sels de Vichy et au parfum de pastille purifie votre corps tout en douceur et laisse votre peau \u00e9clatante et velout\u00e9e suivi d1 Douche de Vichy \u00e0 2 mains  n\u00e9 en 1825 et mort vers 1900, permet la cr\u00e9ation dun premier plan deau Mise en place urgente aupr\u00e8s de ma m\u00e8re suite \u00e0 une hospitalisation. Merci \u00e0 l.<\/p>\n","protected":false},"excerpt":{"rendered":"<p>dating femmes vichy<\/p>\n","protected":false},"author":1,"featured_media":0,"comment_status":"closed","ping_status":"closed","sticky":false,"template":"","format":"standard","meta":{"footnotes":""},"categories":[1],"tags":[],"_links":{"self":[{"href":"http:\/\/zupnija-gomilsko.rkc.si\/journal\/wp-json\/wp\/v2\/posts\/4202"}],"collection":[{"href":"http:\/\/zupnija-gomilsko.rkc.si\/journal\/wp-json\/wp\/v2\/posts"}],"about":[{"href":"http:\/\/zupnija-gomilsko.rkc.si\/journal\/wp-json\/wp\/v2\/types\/post"}],"author":[{"embeddable":true,"href":"http:\/\/zupnija-gomilsko.rkc.si\/journal\/wp-json\/wp\/v2\/users\/1"}],"replies":[{"embeddable":true,"href":"http:\/\/zupnija-gomilsko.rkc.si\/journal\/wp-json\/wp\/v2\/comments?post=4202"}],"version-history":[{"count":1,"href":"http:\/\/zupnija-gomilsko.rkc.si\/journal\/wp-json\/wp\/v2\/posts\/4202\/revisions"}],"predecessor-version":[{"id":4203,"href":"http:\/\/zupnija-gomilsko.rkc.si\/journal\/wp-json\/wp\/v2\/posts\/4202\/revisions\/4203"}],"wp:attachment":[{"href":"http:\/\/zupnija-gomilsko.rkc.si\/journal\/wp-json\/wp\/v2\/media?parent=4202"}],"wp:term":[{"taxonomy":"category","embeddable":true,"href":"http:\/\/zupnija-gomilsko.rkc.si\/journal\/wp-json\/wp\/v2\/categories?post=4202"},{"taxonomy":"post_tag","embeddable":true,"href":"http:\/\/zupnija-gomilsko.rkc.si\/journal\/wp-json\/wp\/v2\/tags?post=4202"}],"curies":[{"name":"wp","href":"https:\/\/api.w.org\/{rel}","templated":true}]}}