
{"id":4216,"date":"2020-09-28T03:40:51","date_gmt":"2020-09-28T03:40:51","guid":{"rendered":"http:\/\/zupnija-gomilsko.rkc.si\/journal\/?p=4216"},"modified":"2020-09-23T00:17:29","modified_gmt":"2020-09-23T00:17:29","slug":"rencontres-internationales-de-luthiers-et-maitres-sonneurs-2012","status":"publish","type":"post","link":"http:\/\/zupnija-gomilsko.rkc.si\/journal\/2020\/09\/28\/rencontres-internationales-de-luthiers-et-maitres-sonneurs-2012\/","title":{"rendered":"Rencontres Internationales De Luthiers Et Maitres Sonneurs 2012"},"content":{"rendered":"<p>06 ao\u00fbt 2012 : Festival Interceltique, concert au Grand Th\u00e9\u00e2tre de Lorient 56. La musique folk aujourdhui, cest faire du neuf avec du vieu.. L\u00e9volution constante des m\u00e9tiers et de lenvironnement r\u00e9glementaire rend n\u00e9cessaire une mise \u00e0 jour continue du contenu. Musiques du Monde-Pop-Culture bretonne actuelle-danse mardi 23 au dimanche 28 juillet 2013 Le Cornouaille 2013-90 ans! dans le bois de Bellevue, la lande et les terres ont \u00e9t\u00e9 bois\u00e9es, seuls subsistent quelques champs fig. 3, Il enseigne aujourdhui dans les \u00e9coles de musiques de Hellemmes et Bois-Blancs Fr. Il est \u00e9galement Directeur technique sur le festival Saxophone en Mouvement et professeur sur lAcad\u00e9mie Habanera Junior \u00e0 Poitiers. Pour revoir les photos du stand de lan dernier, cliquez sur le lien : Sam 30 juin \u00e0 Saint-Paul de Tartas : F\u00eate votive avec d\u00e9fil\u00e9 de v\u00e9los fleuris, concours de boules, boum des enfants, karaok\u00e9 et bal Gratuit. Nuits de Champagne un festival \u00e0 histoire, lhistoire dun territoire \u00e0 la rencontre de lart, lart d\u00e9crire et de chanter.. Le Festival Les Journ\u00e9es de Fl\u00fbte \u00e0 Bec de Montr\u00e9al Par R\u00e9my Chidaine Publi\u00e9 le 11072015 \u00e0 19:45 Mis \u00e0 jour le 27072017 \u00e0 20:01 Concerts annul\u00e9s, spectacles report\u00e9s, dates de r\u00e9ouverture des salles repouss\u00e9es aux calendes grecques Quelles sont les incidences li\u00e9es \u00e0 la crise sanitaire du Covid-19 sur les structures, la production etLire lArticle Lettre dinformation n66-mercredi 3 juillet 2013 Nous sommes en Ao\u00fbt 2050, les petits-enfants sont en vacances et leur grand-p\u00e8re Henri raconte sa guerre de 2020 Lennemi COVID-19, un virus, a attaqu\u00e9 la France et de nombreux pays. Nous avons \u00e9t\u00e9 enferm\u00e9s avec vos parents, qui avaient votre \u00e2ge, dans notre maison pendant plusieurs semaines sans pouvoir sortir. Imaginez-vous? L\u00e9cole, le Foyers ardents <img decoding=\"async\" src=\"http:\/\/musette.free.fr\/stchart\/images\/2012\/luth16.jpg\" alt=\"rencontres internationales de luthiers et maitres sonneurs 2012\" align=\"center\"> Le Ch\u00e2teau \u00e9tait en ruines \u00e0 l\u00e9poque de George Sand,  <img decoding=\"async\" src=\"http:\/\/resize.over-blog.com\/400x260-ct.jpg?http:\/\/img.over-blog.com\/3\/84\/33\/36\/FIL-2013.jpg\" alt=\"rencontres internationales de luthiers et maitres sonneurs 2012\" align=\"center\"> <img decoding=\"async\" src=\"http:\/\/www.strategy.footnotes.us\/wp-content\/uploads\/2017\/05\/chevaux-440x330.jpg\" alt=\"rencontres internationales de luthiers et maitres sonneurs 2012\" align=\"center\"> Il devient new musette, rock musette, klezmer, tsigane, jazz musette : il est multiple, il est m\u00e9tisse.. Avec Johnny Clegg, Juliette Greco, Caroline Loeb, Richard Galliano, Giorgio Conte, Domi Emorine.. La troisi\u00e8me s\u00e9quence pr\u00e9sente le groupe Un Ptit Go\u00fbt dHorizons contact : musique-et-danseles-sauts-du-loup.fr fil.. Accord\u00e9ons : chanson-rock-jazz-manouche-musette jeudi 15 au dimanche 18 septembre 2011 Nuits de Nacre Participez d\u00e8s maintenant au Guide des Festivals en soumettant \u00e0 notre r\u00e9daction un article. Pour cela envoyez linfo \u00e0 contactleguidedesfestivals.com  Figure 2 : Occupation des sols sur la commune de Mers-sur-Indre bois de Chanteloube Land use on the town of Mers-sur-Indre wood of Chanteloupe Puech Gourdon Br\u00e9maud H\u00f4tel des Viles Clermont-Ferrand 63-12 juillet 2009 : Rencontres Internationales des Luthiers et Ma\u00eetres Sonneurs \u00e0 Saint Chartier 36.  Entrez votre adresse mail pour suivre ce blog et \u00eatre notifi\u00e9 par email des nouvelles publications.<\/p>\n","protected":false},"excerpt":{"rendered":"<p>rencontres internationales de luthiers et maitres sonneurs 2012<\/p>\n","protected":false},"author":1,"featured_media":0,"comment_status":"closed","ping_status":"closed","sticky":false,"template":"","format":"standard","meta":{"footnotes":""},"categories":[1],"tags":[],"_links":{"self":[{"href":"http:\/\/zupnija-gomilsko.rkc.si\/journal\/wp-json\/wp\/v2\/posts\/4216"}],"collection":[{"href":"http:\/\/zupnija-gomilsko.rkc.si\/journal\/wp-json\/wp\/v2\/posts"}],"about":[{"href":"http:\/\/zupnija-gomilsko.rkc.si\/journal\/wp-json\/wp\/v2\/types\/post"}],"author":[{"embeddable":true,"href":"http:\/\/zupnija-gomilsko.rkc.si\/journal\/wp-json\/wp\/v2\/users\/1"}],"replies":[{"embeddable":true,"href":"http:\/\/zupnija-gomilsko.rkc.si\/journal\/wp-json\/wp\/v2\/comments?post=4216"}],"version-history":[{"count":1,"href":"http:\/\/zupnija-gomilsko.rkc.si\/journal\/wp-json\/wp\/v2\/posts\/4216\/revisions"}],"predecessor-version":[{"id":4217,"href":"http:\/\/zupnija-gomilsko.rkc.si\/journal\/wp-json\/wp\/v2\/posts\/4216\/revisions\/4217"}],"wp:attachment":[{"href":"http:\/\/zupnija-gomilsko.rkc.si\/journal\/wp-json\/wp\/v2\/media?parent=4216"}],"wp:term":[{"taxonomy":"category","embeddable":true,"href":"http:\/\/zupnija-gomilsko.rkc.si\/journal\/wp-json\/wp\/v2\/categories?post=4216"},{"taxonomy":"post_tag","embeddable":true,"href":"http:\/\/zupnija-gomilsko.rkc.si\/journal\/wp-json\/wp\/v2\/tags?post=4216"}],"curies":[{"name":"wp","href":"https:\/\/api.w.org\/{rel}","templated":true}]}}