
{"id":4226,"date":"2020-09-28T20:56:22","date_gmt":"2020-09-28T20:56:22","guid":{"rendered":"http:\/\/zupnija-gomilsko.rkc.si\/journal\/?p=4226"},"modified":"2020-09-23T00:28:38","modified_gmt":"2020-09-23T00:28:38","slug":"a-la-rencontre-des-sans-abris","status":"publish","type":"post","link":"http:\/\/zupnija-gomilsko.rkc.si\/journal\/2020\/09\/28\/a-la-rencontre-des-sans-abris\/","title":{"rendered":"A La Rencontre Des Sans Abris"},"content":{"rendered":"<p>Dauphinois, Dauphinoises, ne laissez pas passer votre chance de leur apporter un peu de bonheur et en retour de sortir enrichis de ces rencontres uniques le dimanche 8 mars. Dimanche : Croix Rouge Antenne locale de Viroflay Ministre aupr\u00e8s de la ministre de la Coh\u00e9sion des territoires et des Relations avec les collectivit\u00e9s territoriales, charg\u00e9 des collectivit\u00e9s territoriales <img decoding=\"async\" src=\"http:\/\/cool-buzz.net\/wp-content\/uploads\/2017\/07\/1204.jpg\" alt=\"a la rencontre des sans abris\" align=\"right\"> La cit\u00e9 des Dames ressemble \u00e0 une cha\u00eene de solidarit\u00e9 : b\u00e9n\u00e9voles, professionnels sociaux et de sant\u00e9, et femmes repaires des femmes ayant elles aussi connu de grandes difficult\u00e9s, aident les femmes SDF, qui elles-m\u00eames sentre-aident, et qui, pour certaines, ont \u00e9t\u00e9 rep\u00e9r\u00e9es et emmen\u00e9es au centre par des passants, qui ont lu ou entendu sur louverture de cette nouvelle structure. Tr\u00e8s vite remplies. Il faut donc sarmer de patience, et ne pas h\u00e9siter \u00e0 renouveler lappel plusieurs fois. Sans \u00eatre pour autant s\u00fbr et certain davoir pourtant une place, surtout dans les Et si on se rendait au cin\u00e9ma en juin 2020? Le bonne \u00e9pouse, Une sir\u00e8ne \u00e0 Paris, Nous les chiens.. Autant de long-m\u00e9trage \u00e0 red\u00e9couvrir pour toute la famille et toutes les envies! Quoi quil en soit, la r\u00e9daction vous d\u00e9voile le calendrier des sorties cin\u00e9ma du mois de juin 2020. On note les sorties dans nos agendas, les amis?  Il est 20 heures au centre de la Croix-Rouge dAix-en-Provence. Martin, responsable du Samu social et b\u00e9n\u00e9vole depuis seize ans, se tient devant le petit portillon du 32, cours des Arts et M\u00e9tiers, le sourire aux l\u00e8vres. Le temps d\u00f4ter ses v\u00eatements de ville pour enfiler sa veste pro, son \u00e9quipe de cinq volontaires pr\u00e9pare la maraude de ce soir. \u00c9lisabeth, le jeune R\u00e9my, Farid l\u00e9ducateur et Micha\u00ebl chargent larri\u00e8re du camion de denr\u00e9es alimentaires et de couvertures. Il y a une heure, ils ont r\u00e9cup\u00e9r\u00e9 la soupe pr\u00e9par\u00e9e par le cuisinier du Novotel, et les invendus de diff\u00e9rentes boulangeries, confie Martin. Le bataillon solidaire, toutes g\u00e9n\u00e9rations confondues, grimpe \u00e0 bord du v\u00e9hicule blanc s\u00e9rigraphi\u00e9 Croix-Rouge. Direction? Lauberge de jeunesse. Pr\u00e8s du barnum plant\u00e9 devant cette pension, les fameux gilets orange phosphorescents sactivent pour peaufiner laccueil des sans-abri-il leur sera servi l\u00e0 un repas chaud. Emma\u00fcs D\u00e9fi vous propose une plong\u00e9e en 5 \u00e9pisodes au c\u0153ur de son action..  et vos propos partisans me h\u00e9rissent.. Signaler un contenu abusif On ne le r\u00e9p\u00e9tera jamais assez : le pire ennemi des plus d\u00e9munies est la solitude immense et le d\u00e9sespoir quilselles sont amen\u00e9es \u00e0 ressentir. Vous vous \u00eates inscrit.e pour recevoir nos conseils afin daider les personnes \u00e0 la rue et nous vous en remercions. Sachez tout dabord que la meilleure fa\u00e7on daider une personne sans-abri cest de rentrer en relation avec elle. Recevez les alertes infos pour les sujets qui vous int\u00e9ressent Sur sc\u00e8ne, ils sont 2 com\u00e9diens Achille Jourdain et Sandrine Briard pour raconter 4 parcours, 4 destins boulevers\u00e9s de personnes forc\u00e9es \u00e0 vivre dans la rue. Boulevers\u00e9e, Patricia l\u00e9tait aussi : Jai d\u00e9couvert cette pi\u00e8ce, par hasard, et jai \u00e9t\u00e9 touch\u00e9e par tant de r\u00e9alisme et de respect vis-\u00e0-vis des personnes qui ont t\u00e9moign\u00e9. Jai voulu partag\u00e9 en toute simplicit\u00e9 ce moment empli de g\u00e9n\u00e9rosit\u00e9 et de sensibilit\u00e9. Jour \u00e0 8 heures, le meilleur de Rue89 Bordeaux par e-mail.  Questions \u00e0 la une a tent\u00e9 une exp\u00e9rience quelque peu particuli\u00e8re pour comprendre la survie des sans-abris dans la rue. Pour que votre enfant ne sennuie pas une seule seconde \u00e0 la maison, on vous a d\u00e9got\u00e9 des sites dactivit\u00e9s ludiques, cr\u00e9atives et gratuites, \u00e0 faire en famille! <img decoding=\"async\" src=\"http:\/\/celinefremault.be\/wp-content\/uploads\/2016\/11\/Des-logements-d%C3%A9cents-pour-les-sans-abri-DH.png\" alt=\"a la rencontre des sans abris\" align=\"center\"> Les v\u00eatements professionnels un obstacle pour sortir de la rue est davoir lair pr\u00e9sentable lors des entretiens dembauche. Des chaussures de foot \u00e0 crampons. Cest afin de pouvoir en <img decoding=\"async\" src=\"http:\/\/choeurdemamies.org\/essentiel\/rencontres2018.jpg\" alt=\"a la rencontre des sans abris\" align=\"left\">.<\/p>\n","protected":false},"excerpt":{"rendered":"<p>a la rencontre des sans abris<\/p>\n","protected":false},"author":1,"featured_media":0,"comment_status":"closed","ping_status":"closed","sticky":false,"template":"","format":"standard","meta":{"footnotes":""},"categories":[1],"tags":[],"_links":{"self":[{"href":"http:\/\/zupnija-gomilsko.rkc.si\/journal\/wp-json\/wp\/v2\/posts\/4226"}],"collection":[{"href":"http:\/\/zupnija-gomilsko.rkc.si\/journal\/wp-json\/wp\/v2\/posts"}],"about":[{"href":"http:\/\/zupnija-gomilsko.rkc.si\/journal\/wp-json\/wp\/v2\/types\/post"}],"author":[{"embeddable":true,"href":"http:\/\/zupnija-gomilsko.rkc.si\/journal\/wp-json\/wp\/v2\/users\/1"}],"replies":[{"embeddable":true,"href":"http:\/\/zupnija-gomilsko.rkc.si\/journal\/wp-json\/wp\/v2\/comments?post=4226"}],"version-history":[{"count":1,"href":"http:\/\/zupnija-gomilsko.rkc.si\/journal\/wp-json\/wp\/v2\/posts\/4226\/revisions"}],"predecessor-version":[{"id":4227,"href":"http:\/\/zupnija-gomilsko.rkc.si\/journal\/wp-json\/wp\/v2\/posts\/4226\/revisions\/4227"}],"wp:attachment":[{"href":"http:\/\/zupnija-gomilsko.rkc.si\/journal\/wp-json\/wp\/v2\/media?parent=4226"}],"wp:term":[{"taxonomy":"category","embeddable":true,"href":"http:\/\/zupnija-gomilsko.rkc.si\/journal\/wp-json\/wp\/v2\/categories?post=4226"},{"taxonomy":"post_tag","embeddable":true,"href":"http:\/\/zupnija-gomilsko.rkc.si\/journal\/wp-json\/wp\/v2\/tags?post=4226"}],"curies":[{"name":"wp","href":"https:\/\/api.w.org\/{rel}","templated":true}]}}