
{"id":4232,"date":"2020-09-28T08:58:58","date_gmt":"2020-09-28T08:58:58","guid":{"rendered":"http:\/\/zupnija-gomilsko.rkc.si\/journal\/?p=4232"},"modified":"2020-09-23T00:43:05","modified_gmt":"2020-09-23T00:43:05","slug":"rencontre-jeune-public-monaco","status":"publish","type":"post","link":"http:\/\/zupnija-gomilsko.rkc.si\/journal\/2020\/09\/28\/rencontre-jeune-public-monaco\/","title":{"rendered":"Rencontre Jeune Public Monaco"},"content":{"rendered":"<p>1944 1945 1946 1947 1948 1949 Vendredi 17 f\u00e9vrier \u00e0 21h, Th\u00e9\u00e2tre Princesse Grace : C1: la jeune garde de Monaco c\u00e8de devant lAtl\u00e9tico, qualifi\u00e9 en 8es <img decoding=\"async\" src=\"http:\/\/images.larepubliquedespyrenees.fr\/2018\/05\/26\/5b09b040a43f5e0a77512fb9\/golden\/elie-okobo-a-dispute-sa-derniere-rencontre-sous-le-maillot-de-l-elan-bearnais-pour-le-meneur-direction-la-draft-le-21-juin-pour-jouer-en-nba-la-saison-prochaine.jpg\" alt=\"rencontre jeune public monaco\" align=\"right\"> e. What are the results expected through the implementation of the measure?:   Les Midis Musicaux, concert de musique de chambre par une formation de musiciens de lOrchestre Philharmonique de Monte-Carlo avec Le Quintette Archetis, Morgan Bodinaud et Nicolas Slusznis, violons, Richard Chauvel, alto, Delphine Perrone, violoncelle, Patrick Barbato, contrebasse. Au programme : Rossini, Massenet, Boccherini, Wolf et Bottesini. Soutien au Programme Tanouir men\u00e9 au Maroc par lassociation marocaine Kane ya Makane depuis 2011 <img decoding=\"async\" src=\"http:\/\/mymonaco.fr\/wp-content\/uploads\/2016\/01\/panneau-directions-my-monaco-690x518.jpg\" alt=\"rencontre jeune public monaco\" align=\"center\"> i. Has the implementation of the measure been evaluated?: INTEGRATION OF CULTURE IN SUSTAINABLE DEVELOPMENT-AT NATIONAL LEVEL <img decoding=\"async\" src=\"http:\/\/img.over-blog-kiwi.com\/0\/19\/93\/96\/20180425\/ob_9d9a9b_monaco-pda-affiche.jpg\" alt=\"rencontre jeune public monaco\" align=\"left\"> Conf\u00e9rence, par J\u00e9r\u00f4me Magail, organis\u00e9e par lAssociation Mon\u00e9gasque pour la Pr\u00e9histoire : Les codes iconographiques des populations sans \u00e9criture. Remise des prix samedi 17 octobre 2020 \u00e0 11h, Place de la R\u00e9publique Village. Les Rencontres Jeune Public \u00e0 Mandelieu-la-Napolue du 22 au 24 avril 2016-Etablir un r\u00e9seau de vigilance contre la destruction des sites avec de jeunes arch\u00e9ologues form\u00e9s \u00e0 devenir des agents du patrimoine. Organis\u00e9 d\u00e9but juin \u00e0 lAuditorium Rainier III, ce rendez-vous bisannuel tr\u00e8s Joseph HAYDN Quatuor en r\u00e9 majeur, opus 64 n5, Hob.III : 63 LAlouette,  Mais le m\u00e9rite incombe dabord \u00e0 ces Messins intraitables qui ont d\u00e9roul\u00e9 une partition consistante et pouss\u00e9 sans rel\u00e2che. Preuve que le physique \u00e9tait aussi au rendez-vous.<\/p>\n","protected":false},"excerpt":{"rendered":"<p>rencontre jeune public monaco<\/p>\n","protected":false},"author":1,"featured_media":0,"comment_status":"closed","ping_status":"closed","sticky":false,"template":"","format":"standard","meta":{"footnotes":""},"categories":[1],"tags":[],"_links":{"self":[{"href":"http:\/\/zupnija-gomilsko.rkc.si\/journal\/wp-json\/wp\/v2\/posts\/4232"}],"collection":[{"href":"http:\/\/zupnija-gomilsko.rkc.si\/journal\/wp-json\/wp\/v2\/posts"}],"about":[{"href":"http:\/\/zupnija-gomilsko.rkc.si\/journal\/wp-json\/wp\/v2\/types\/post"}],"author":[{"embeddable":true,"href":"http:\/\/zupnija-gomilsko.rkc.si\/journal\/wp-json\/wp\/v2\/users\/1"}],"replies":[{"embeddable":true,"href":"http:\/\/zupnija-gomilsko.rkc.si\/journal\/wp-json\/wp\/v2\/comments?post=4232"}],"version-history":[{"count":1,"href":"http:\/\/zupnija-gomilsko.rkc.si\/journal\/wp-json\/wp\/v2\/posts\/4232\/revisions"}],"predecessor-version":[{"id":4233,"href":"http:\/\/zupnija-gomilsko.rkc.si\/journal\/wp-json\/wp\/v2\/posts\/4232\/revisions\/4233"}],"wp:attachment":[{"href":"http:\/\/zupnija-gomilsko.rkc.si\/journal\/wp-json\/wp\/v2\/media?parent=4232"}],"wp:term":[{"taxonomy":"category","embeddable":true,"href":"http:\/\/zupnija-gomilsko.rkc.si\/journal\/wp-json\/wp\/v2\/categories?post=4232"},{"taxonomy":"post_tag","embeddable":true,"href":"http:\/\/zupnija-gomilsko.rkc.si\/journal\/wp-json\/wp\/v2\/tags?post=4232"}],"curies":[{"name":"wp","href":"https:\/\/api.w.org\/{rel}","templated":true}]}}