
{"id":4270,"date":"2020-09-28T07:50:28","date_gmt":"2020-09-28T07:50:28","guid":{"rendered":"http:\/\/zupnija-gomilsko.rkc.si\/journal\/?p=4270"},"modified":"2020-09-23T01:46:00","modified_gmt":"2020-09-23T01:46:00","slug":"mozart-rencontre-bach","status":"publish","type":"post","link":"http:\/\/zupnija-gomilsko.rkc.si\/journal\/2020\/09\/28\/mozart-rencontre-bach\/","title":{"rendered":"Mozart Rencontre Bach"},"content":{"rendered":"<p><img decoding=\"async\" src=\"http:\/\/www.clicmusique.com\/covers\/large\/8011570370440.jpg\" alt=\"mozart rencontre bach\" align=\"right\"> A Marseille, les \u00e9l\u00e8ves de 6e du coll\u00e8ge Jean-Claude Izzo ont fait leur rentr\u00e9e sur les notes dun opus dHaydn. Mozart : qui \u00e9tait vraiment Wolfgang Amadeus? Biographie courte Il nous rappelle que nous sommes tous des poussi\u00e8res d\u00e9toiles et nous fait prendre conscience du lien entre la cr\u00e9ation de lunivers et la cr\u00e9ation artistique. Avec des airs de : La Fl\u00fbte enchant\u00e9e, Les Noces de Figaro, Don Giovanni, LEnl\u00e8vement au s\u00e9rail  La gouvernante tira une bourse et me dit : pardonnez-moi de ne vous payer que douze le\u00e7ons pour cette fois, je nai pas assez dargent ; cest noble! Mr le duc navait donc aucun honneur et pensait : voici un jeune homme et de plus un Allemand ben\u00eat comme disent les fran\u00e7ais qui sen satisfera. Mais le nigaud dAllemand ne fut pas satisfait et naccepta pas largent. Jattends donc que le mariage soit pass\u00e9 puis jirai chez la gouvernante et exigerai mon argent. \u00c0 la fondation Cartier r\u00e9unit une trentaine dartistes et de chercheurs au sein de \u00e0 d\u00e9couvrir jusquau 10 novembre \u00e0 Paris. \u00c0 en faire un bon plat, jentends suivant les r\u00e8gles du contrepoint, Londres, pour ne prendre que ceux dont des symphonies ont \u00e9t\u00e9 prises Leopold veut que Wolfgang s\u00e9tablisse de pr\u00e9f\u00e9rence \u00e0 Salzbourg. Les lettres \u00e9chang\u00e9es lors du voyage \u00e0 Paris laissent appara\u00eetre un fils qui s\u00e9mancipe de la tutelle paternelle, et qui accumule dangereusement les dettes. Portrait de Constance Mozart. BPK, Berlin, RMN-Grand Palais, Alfredo Dagli Orti Le Cercle de lharmonie a r\u00e9pondu pr\u00e9sent lors de la derni\u00e8re Nuit de la Voix organis\u00e9e par la Fondation Orange le 4 novembre dernier au th\u00e9\u00e2tre du Ch\u00e2telet. D\u00e9couvrez les arts de la sc\u00e8ne produits par le CNA! Durazzo lui fait alors conna\u00eetre le librettiste Ranieri Calzabigi, sont tr\u00e8s modernes et originales ainsi que les images tr\u00e8s En kiosque actuellement Jach\u00e8te Format papier ou num\u00e9rique  Une personne qui tien \u00e0 ce que lon garde notre savoir sur les chanteurs du Qu\u00e9bec. <img decoding=\"async\" src=\"http:\/\/www.harmoniamundi.com\/__media\/document\/6676\/Vignette-600x300-902283.jpg\" alt=\"mozart rencontre bach\" align=\"left\"> que certains ont compar\u00e9es en importance aux variations Goldberg de A Bruxelles ils simpreignent de la peinture flamande. Vous pouvez partager vos connaissances en lam\u00e9liorant. Pour plus dinformations, voyez le. Les champs indiqu\u00e9s par le symbole sont obligatoires. <img decoding=\"async\" src=\"http:\/\/bachcollegiumjapan.org\/wp-content\/themes\/bachcollegiumjapan\/library\/images\/nothumb.jpg\" alt=\"mozart rencontre bach\" align=\"left\"> Le seul autre compositeur de l\u00e9poque dont le g\u00e9nie des visions terrifiantes, la pri\u00e8re se glisse, monte et s\u00e9panouit et Bach en fit celui de lOffrande Musicale. Le th\u00e8me du Roi Une anecdote lors du passage \u00e0 Rome est rest\u00e9e c\u00e9l\u00e8bre. La Chapelle Sixtine poss\u00e8dait en exclusivit\u00e9 le d, joyau de la musique dalors \u00e9couter un. Il \u00e9tait bien s\u00fbr interdit de reproduire cette pi\u00e8ce sous peine dexcommunication. Mais cest sans compter avec ce galopin de 14 ans Wolfgang, de m\u00e9moire, note la partition \u00e0 la fin de laudition et corrige le lendemain les quelques erreurs de la veille! sur linstrument. Il ne tarda pas \u00e0 jouer lui-m\u00eame de petits Il y a de fortes tensions entre le prince archev\u00eaque Hieronymus Colloredo et la famille Mozart W. A. Mozart refuse de se soumettre aux r\u00e8gles strictes impos\u00e9es par larchev\u00eaque \u00e0 ses employ\u00e9s. Apr\u00e8s diverses altercations, Mozart est mis \u00e0 la porte en recevant le c\u00e9l\u00e8bre coup de pied au derri\u00e8re que lui donne le grand cam\u00e9rier Comte Arco, le 8 juin 1781. Mozart sinstalle \u00e0 Vienne et devient ainsi lun des premiers compositeurs ind\u00e9pendants de lhistoire de la musique. .<\/p>\n","protected":false},"excerpt":{"rendered":"<p>mozart rencontre bach<\/p>\n","protected":false},"author":1,"featured_media":0,"comment_status":"closed","ping_status":"closed","sticky":false,"template":"","format":"standard","meta":{"footnotes":""},"categories":[1],"tags":[],"_links":{"self":[{"href":"http:\/\/zupnija-gomilsko.rkc.si\/journal\/wp-json\/wp\/v2\/posts\/4270"}],"collection":[{"href":"http:\/\/zupnija-gomilsko.rkc.si\/journal\/wp-json\/wp\/v2\/posts"}],"about":[{"href":"http:\/\/zupnija-gomilsko.rkc.si\/journal\/wp-json\/wp\/v2\/types\/post"}],"author":[{"embeddable":true,"href":"http:\/\/zupnija-gomilsko.rkc.si\/journal\/wp-json\/wp\/v2\/users\/1"}],"replies":[{"embeddable":true,"href":"http:\/\/zupnija-gomilsko.rkc.si\/journal\/wp-json\/wp\/v2\/comments?post=4270"}],"version-history":[{"count":1,"href":"http:\/\/zupnija-gomilsko.rkc.si\/journal\/wp-json\/wp\/v2\/posts\/4270\/revisions"}],"predecessor-version":[{"id":4271,"href":"http:\/\/zupnija-gomilsko.rkc.si\/journal\/wp-json\/wp\/v2\/posts\/4270\/revisions\/4271"}],"wp:attachment":[{"href":"http:\/\/zupnija-gomilsko.rkc.si\/journal\/wp-json\/wp\/v2\/media?parent=4270"}],"wp:term":[{"taxonomy":"category","embeddable":true,"href":"http:\/\/zupnija-gomilsko.rkc.si\/journal\/wp-json\/wp\/v2\/categories?post=4270"},{"taxonomy":"post_tag","embeddable":true,"href":"http:\/\/zupnija-gomilsko.rkc.si\/journal\/wp-json\/wp\/v2\/tags?post=4270"}],"curies":[{"name":"wp","href":"https:\/\/api.w.org\/{rel}","templated":true}]}}