
{"id":4278,"date":"2020-09-28T03:04:09","date_gmt":"2020-09-28T03:04:09","guid":{"rendered":"http:\/\/zupnija-gomilsko.rkc.si\/journal\/?p=4278"},"modified":"2020-09-23T01:49:07","modified_gmt":"2020-09-23T01:49:07","slug":"rencontre-entre-juana-et-felipe","status":"publish","type":"post","link":"http:\/\/zupnija-gomilsko.rkc.si\/journal\/2020\/09\/28\/rencontre-entre-juana-et-felipe\/","title":{"rendered":"Rencontre Entre Juana Et Felipe"},"content":{"rendered":"<p>   La gestion routini\u00e8re des biens qui leur sont confi\u00e9s nest pas incompatible avec des initiatives originales en mati\u00e8re d\u00e9ducation, comme le montre Jacqueline Roubert. Les recteurs des h\u00f4pitaux lyonnais avaient-ils une politique de lenfance? Des diff\u00e9rences sont faites entre le statut des enfants : les enfants l\u00e9gitimes abandonn\u00e9s restent \u00e0 lh\u00f4pital, les ill\u00e9gitimes sont mis en nourrice \u00e0 la campagne, et les orphelins l\u00e9gitimes sont adopt\u00e9s par les recteurs qui non seulement soccupent de leur patrimoine, les mettent en apprentissage ou en service mais leur procurent une \u00e9ducation compl\u00e8te, les \u00e9chevins ayant envisag\u00e9, \u00e0 la fondation du coll\u00e8ge de la ville, dy envoyer les orphelins. On leur dispense \u00e9galement, jusquau milieu du xvnf si\u00e8cle, un enseignement original de musique. Si l\u00e9v\u00eaque ne peut \u00eatre n\u00e9glig\u00e9 et sil faut tenir compte des recommandations issues de la haute noblesse de cour, naturellement contradictoires, les principaux interlocuteurs demeurent surtout les chefs des compagnies judiciaires de la ville, ce qui renvoie \u00e0 lexpression du milieu local, dans une sorte de suppl\u00e9ment de cooptation tant sont \u00e9troits les liens sociaux et familiaux entre les grandes institutions urbaines 45. M\u00eame les c\u00e9l\u00e8bres brigues inlassablement d\u00e9nonc\u00e9es renvoient \u00e0 ce mode de fonctionnement puisque les factions en comp\u00e9tition sont structur\u00e9es par le ralliement \u00e0 un chef dont laudience locale doit \u00eatre nettement \u00e9tablie et que leurs strat\u00e9gies instables int\u00e8grent larbitrage du repr\u00e9sentant royal 46. <img decoding=\"async\" src=\"http:\/\/mattsoncreative.com\/blog\/wp-content\/uploads\/2013\/07\/ty-mattson-maroon-5-09.jpg\" alt=\"rencontre entre juana et felipe\" align=\"right\"> 11. Actes de la recherche en sciences sociales : Science de l\u00c9tat, n 133, juin 2000. En octobre, \u00e0 Cambrai une assembl\u00e9e offrit aux assi\u00e9geants la place, ceux-ci r\u00e9pondirent par loctroi dun pardon g\u00e9n\u00e9ral. Le comte de Fuentes jura au nom de Philippe II de respecter les Libert\u00e9s de la principaut\u00e9 en tant que prince et duc de Cambray 22 octobre 1595. Par cet acte, il ratifie aussi la d\u00e9position du prince l\u00e9gitime, larchev\u00eaque de Cambrai, par une assembl\u00e9e bourgeoise. Le pragmatisme du chef militaire le conduisit certainement \u00e0 penser que Cambrai valait bien un serment, que le patronage royal et les b\u00e9n\u00e9fices permettraient de calmer les oppositions des chanoines et du pr\u00e9lat. Depuis lEscorial, cette attitude fut lou\u00e9e par le Roi Prudent, ce qui d\u00e9montre ladh\u00e9sion de la monarchie \u00e0 cette d\u00e9position populaire. MARKOVTTS Claude, The Global World of Indian Merchants 1750-1947. Traders of Sind from Bukhara to Panama, Cambridge, Cambridge University Press, 2000, 327 p, 40,00. Diverses contributions sur lusage et la fonction des libelles et des pamphlets Jean-Louis Bourgeon sur Papire Masson, Nicole Cazauran et le Miroir des Fran\u00e7ais, autour des identit\u00e9s Jean-Fran\u00e7ois Dubost et les exil\u00e9s britanniques en France durant la premi\u00e8re r\u00e9volution anglaise, sur les usages politiques de la religion David El Kenz et la mort de Fran\u00e7ois de Guise, Fran\u00e7ois-Xavier Emmanuelli et les p\u00e8lerinages royaux en Provence, Marie-Madeleine Fragonard et les \u00c9pisodes historiques ouvrent de larges pistes \u00e0 la r\u00e9flexion et aux d\u00e9bats. Cela souligne bien ce que lhistoire des repr\u00e9sentations, quand elle est mise en oeuvre de fa\u00e7on fine et sans \u00eatre trop syst\u00e9matique ou unilat\u00e9rale, a apport\u00e9 comme renouvellement \u00e0 la connaissance des ph\u00e9nom\u00e8nes historiques. Anne DUBET Universit\u00e9 Biaise Pascal, Clermont-II En 1502, Jeanne de Castille et Philippe de Habsbourg se rendent \u00e0 la cour dEspagne pour y recevoir le serment des Cort\u00e8s qui la reconnaissent pour future reine. Philippe le Beau rejoint ensuite la cour de Flandre, laissant Jeanne enceinte de linfant Ferdinand seule \u00e0 avec sa m\u00e8re. Cest \u00e0 loccasion de cette visite prolong\u00e9e quen 1503 les m\u00e9decins \u00e9tablissent dans un rapport adress\u00e9 au roi un diagnostic terrible de la situation mentale de linfante dEspagne, la d\u00e9crivant en proie \u00e0 un mal incurable. La jeune femme se montre tellement \u00e9prise de son mari quelle vit leur s\u00e9paration du fait de sa grossesse comme un deuil. Sa passion, jug\u00e9e comme ind\u00e9cente \u00e0 cette \u00e9poque, emp\u00eache selon eux tout exercice du pouvoir dans des conditions normales. NOLTE Ernst, La guerre civile europ\u00e9enne 19171945, Paris, \u00e9d. Des syrtes, 2000, 665 p, 218 F. The Netherlands, 1559-1659, Ten Studies, Glasgow, Fontana Press, 1990, p 165-176. PLANAS Natividad, 2000, Pratiques de pouvoir au sein dune soci\u00e9t\u00e9 frontali\u00e8re. Le voisinage du Royaume Alain HUGON, Des Habsbourg aux Bourbons : le combat espagnol Mort de Ferdinand II dAragon Roi dAragon et de Sicile <img decoding=\"async\" src=\"http:\/\/idata.over-blog.com\/1\/75\/20\/03\/027\/MISS-DIOR-BLOOMING-BOUQUET-THE-MAKING-OF-WITH-NATA-copie-4.jpg\" alt=\"rencontre entre juana et felipe\" align=\"right\"> 14 octobre Loi damnistie g\u00e9n\u00e9rale sur les d\u00e9lits politiques depuis 1939. El mundo de la reina Juana de Castilla, conocida tambi\u00e9n po r Juana la Loca, espos a d e Felipe el Hermoso. 12 juillet Assassinat dun lieutenant des gardes dassaut. <img decoding=\"async\" src=\"http:\/\/www.graffitiartmagazine.com\/public\/.Peace-Guard-2-367-450-2016-790_m.jpg\" alt=\"rencontre entre juana et felipe\" align=\"center\"> En 1632, c\u00e9tait trop t\u00f4t, parce que, si le r\u00e9galisme est la pr\u00e9tention de l\u00c9tat \u00e0 diriger les affaires eccl\u00e9siastiques en tout ce qui affecte directement ou indirectement le corps politique et ses finalit\u00e9s, il est une inversion radicale en faveur du pouvoir temporel de la th\u00e8se de la souverainet\u00e9 indirecte. L\u00e9panouissement dune politique r\u00e9galiste consciente de sa l\u00e9gitimit\u00e9 et de ses objectifs, exigeait au pr\u00e9lable une r\u00e9pudiation de la th\u00e9ologie politique suar\u00e9zienne et belarminienne, que les Habsbourg de Madrid ne pouvaient pas envisager. Le d\u00e9bat de fond souvrira trois-quarts de si\u00e8cle plus tard, pendant la guerre de Succession.<\/p>\n","protected":false},"excerpt":{"rendered":"<p>rencontre entre juana et felipe<\/p>\n","protected":false},"author":1,"featured_media":0,"comment_status":"closed","ping_status":"closed","sticky":false,"template":"","format":"standard","meta":{"footnotes":""},"categories":[1],"tags":[],"_links":{"self":[{"href":"http:\/\/zupnija-gomilsko.rkc.si\/journal\/wp-json\/wp\/v2\/posts\/4278"}],"collection":[{"href":"http:\/\/zupnija-gomilsko.rkc.si\/journal\/wp-json\/wp\/v2\/posts"}],"about":[{"href":"http:\/\/zupnija-gomilsko.rkc.si\/journal\/wp-json\/wp\/v2\/types\/post"}],"author":[{"embeddable":true,"href":"http:\/\/zupnija-gomilsko.rkc.si\/journal\/wp-json\/wp\/v2\/users\/1"}],"replies":[{"embeddable":true,"href":"http:\/\/zupnija-gomilsko.rkc.si\/journal\/wp-json\/wp\/v2\/comments?post=4278"}],"version-history":[{"count":1,"href":"http:\/\/zupnija-gomilsko.rkc.si\/journal\/wp-json\/wp\/v2\/posts\/4278\/revisions"}],"predecessor-version":[{"id":4279,"href":"http:\/\/zupnija-gomilsko.rkc.si\/journal\/wp-json\/wp\/v2\/posts\/4278\/revisions\/4279"}],"wp:attachment":[{"href":"http:\/\/zupnija-gomilsko.rkc.si\/journal\/wp-json\/wp\/v2\/media?parent=4278"}],"wp:term":[{"taxonomy":"category","embeddable":true,"href":"http:\/\/zupnija-gomilsko.rkc.si\/journal\/wp-json\/wp\/v2\/categories?post=4278"},{"taxonomy":"post_tag","embeddable":true,"href":"http:\/\/zupnija-gomilsko.rkc.si\/journal\/wp-json\/wp\/v2\/tags?post=4278"}],"curies":[{"name":"wp","href":"https:\/\/api.w.org\/{rel}","templated":true}]}}