
{"id":4296,"date":"2020-09-28T07:20:47","date_gmt":"2020-09-28T07:20:47","guid":{"rendered":"http:\/\/zupnija-gomilsko.rkc.si\/journal\/?p=4296"},"modified":"2020-09-23T02:15:56","modified_gmt":"2020-09-23T02:15:56","slug":"rencontres-librairie-lyon","status":"publish","type":"post","link":"http:\/\/zupnija-gomilsko.rkc.si\/journal\/2020\/09\/28\/rencontres-librairie-lyon\/","title":{"rendered":"Rencontres Librairie Lyon"},"content":{"rendered":"<p>Diane Le Feyer en d\u00e9dicace \u00e0 la librairie du Tramway \u00e0 Lyon!-Mortelle Ad\u00e8le Samedi 16 novembre \u00e0 15h, la librairie Archipel aura le plaisir de recevoir Nicolas Detry et Eric Charmes pour une discussion autour de leurs ouvrages respectifs, Centri Minori Enjeu.. En attendant Architecture On Mars 2019, Archipel Librairie part \u00e0 la rencontre des \u00e9diteurs qui font le livre darchitecture. Auteurs : Richard Corben Marcelo Frusin Brian Azzarello  Jeudi 28 novembre : 10 ans avec.. Andr\u00e9 Markowicz et Fran\u00e7oise Morvan Devant ces malheureuses et d\u00e9risoires co\u00efncidences extirp\u00e9es \u00e0 lanomie du tourisme plan\u00e9taire : un rire profond nous secoue, de ceux qui r\u00e9chauffent le corps ou est-ce la terre qui gronde? https:www.rue89lyon.fr20160519le-bal-des-ardents-la-meilleure-librairie-du-monde-se-trouverait-elle-lyon <img decoding=\"async\" src=\"http:\/\/biogourmand.info\/images\/foires%20et%20salons\/2008-03-badiane.jpg\" alt=\"rencontres librairie lyon\" align=\"right\"> Fresque sociale tr\u00e8s r\u00e9ussie sur les dix ann\u00e9es qui ont men\u00e9 lAngleterre au Brexit. Un roman brillant.  <img decoding=\"async\" src=\"http:\/\/maguycithare.com\/wp-content\/uploads\/2014\/01\/la_procure.jpg\" alt=\"rencontres librairie lyon\" align=\"right\"> check; Marketing cookies and Other Cookies Store your preferences based on previous visits to our websites Parcours libres Marketing : 3 questions \u00e0 Oc\u00e9ane, \u00e9tudiante en 2e ann\u00e9e, \u00e0 lISG Toulouse  <img decoding=\"async\" src=\"http:\/\/lyon.aujourdhui.fr\/uploads\/assets\/evenements\/recto_fiche\/2015\/06\/535887_rencontre-dedicace-avec-jean-yves-lamant-objectif-zero-accident-editions-petits-matins_174002.jpg\" alt=\"rencontres librairie lyon\" align=\"center\"> D\u00e9sol\u00e9! Vous utilisez un navigateur incompatible avec notre site. Afin dacc\u00e9der \u00e0 nouveau \u00e0 tous nos services, nous vous recommandons de mettre \u00e0 jour votre navigateur internet. Le d\u00e9tail de la programmation est \u00e0 retrouver dans-s\u00e9lectionner les libraires dont vous voulez suivre les conseils. R\u00e9\u00e9couter Jean-Paul Dubois : Je nattends rien des autres, jattends \u00e9norm\u00e9ment de moi \u00e9couter 5 min 5 min Une s\u00e9ance de projection du court-m\u00e9trage Sorci\u00e8re Queer, portrait dun monstre \u00e0 deux t\u00eates de Camille Ducellier sera suivie dune conversation entre la journaliste et essayiste Titiou Lecoq et Mona Chollet, lautrice de.<\/p>\n","protected":false},"excerpt":{"rendered":"<p>rencontres librairie lyon<\/p>\n","protected":false},"author":1,"featured_media":0,"comment_status":"closed","ping_status":"closed","sticky":false,"template":"","format":"standard","meta":{"footnotes":""},"categories":[1],"tags":[],"_links":{"self":[{"href":"http:\/\/zupnija-gomilsko.rkc.si\/journal\/wp-json\/wp\/v2\/posts\/4296"}],"collection":[{"href":"http:\/\/zupnija-gomilsko.rkc.si\/journal\/wp-json\/wp\/v2\/posts"}],"about":[{"href":"http:\/\/zupnija-gomilsko.rkc.si\/journal\/wp-json\/wp\/v2\/types\/post"}],"author":[{"embeddable":true,"href":"http:\/\/zupnija-gomilsko.rkc.si\/journal\/wp-json\/wp\/v2\/users\/1"}],"replies":[{"embeddable":true,"href":"http:\/\/zupnija-gomilsko.rkc.si\/journal\/wp-json\/wp\/v2\/comments?post=4296"}],"version-history":[{"count":1,"href":"http:\/\/zupnija-gomilsko.rkc.si\/journal\/wp-json\/wp\/v2\/posts\/4296\/revisions"}],"predecessor-version":[{"id":4297,"href":"http:\/\/zupnija-gomilsko.rkc.si\/journal\/wp-json\/wp\/v2\/posts\/4296\/revisions\/4297"}],"wp:attachment":[{"href":"http:\/\/zupnija-gomilsko.rkc.si\/journal\/wp-json\/wp\/v2\/media?parent=4296"}],"wp:term":[{"taxonomy":"category","embeddable":true,"href":"http:\/\/zupnija-gomilsko.rkc.si\/journal\/wp-json\/wp\/v2\/categories?post=4296"},{"taxonomy":"post_tag","embeddable":true,"href":"http:\/\/zupnija-gomilsko.rkc.si\/journal\/wp-json\/wp\/v2\/tags?post=4296"}],"curies":[{"name":"wp","href":"https:\/\/api.w.org\/{rel}","templated":true}]}}