
{"id":4298,"date":"2020-09-28T20:26:57","date_gmt":"2020-09-28T20:26:57","guid":{"rendered":"http:\/\/zupnija-gomilsko.rkc.si\/journal\/?p=4298"},"modified":"2020-09-23T02:17:24","modified_gmt":"2020-09-23T02:17:24","slug":"rencontres-cinema-europeen-aubenas","status":"publish","type":"post","link":"http:\/\/zupnija-gomilsko.rkc.si\/journal\/2020\/09\/28\/rencontres-cinema-europeen-aubenas\/","title":{"rendered":"Rencontres Cin\u00e9ma Europ\u00e9en Aubenas"},"content":{"rendered":"<p>T\u00e9l\u00e9chargez lapplication du cin\u00e9ma sur votre smartphone. <img decoding=\"async\" src=\"http:\/\/www.ac-grenoble.fr\/pravaz\/file\/documents\/parcours\/litso.jpg\" alt=\"rencontres cin\u00e9ma europ\u00e9en aubenas\" align=\"center\"> Montr\u00e9al et Qu\u00e9bec, Canada, Sommets du cin\u00e9ma danimation-Festival international de Montr\u00e9al et de Qu\u00e9bec du 21 novembre au 1 er d\u00e9cembre Chaque semaine, P\u00f4le emploi publie des offres demploi dans le Nord et Pas-de-Calais cin\u00e9 d\u00e9bat MAKACH MOUCHKIL, NOS IDENTIT\u00c9S \u00e0 Gouzeaucourt le 4 mai Le vendredi 15 novembre 2019 \u00e0 Aix-en-Provence, projection de Massaboom, un film des enfants du quartier Massabo dans le programme du Festival <img decoding=\"async\" src=\"http:\/\/tekcniset.ga\/media\/_img\/photos_evt\/rc\/paris_avril_2018\/HD-Retail%20Chain-46-Avril%202018.jpg\" alt=\"rencontres cin\u00e9ma europ\u00e9en aubenas\" align=\"left\"> Ouverture : Gamines, dEl\u00e9onore Fauche, France, 2009. Brahim, 10 ans, habite avec sa famille dans lusine de construction de grues dont son pe\u0300re, dorigine marocaine, est le gardien. Les films a\u0300 la te\u0301le\u0301, la cour de lusine, celle de le\u0301cole, les potes, constituent son univers. Un royaume apparemment aussi immuable que la vieille grue qui nourrit son imaginaire jusque dans ses re\u0302ves, la nuit.  Inscrivez-vous pour recevoir nos derni\u00e8res actualit\u00e9s, catalogues, offres, etc! Estes Park, USA, Stanley Film Festival du 2 au 5 mai expo photos : LUSURE DU MONDE hommage \u00e0 nicolas bouvier de fr\u00e9d\u00e9ric lecloux.Dans le cadre du Focus, de mani\u00e8re \u00e0 cr\u00e9er une passerelle imaginaire entre lEurope et lAsie centrale, lexposition de Fr\u00e9d\u00e9ric Lecloux nous propose de suivre, 50 ans apr\u00e8s, litin\u00e9raire de Nicolas Bouvier, lauteur du magnifi que r\u00e9cit de voyage LUsage du monde.  Je sens plus la vitesse de Joanne Delachair TFE Image-promotion 2013 Lundi 21 novembre \u00e0 Strasbourg-\u00c0 peine jouvre les yeux \u00e0 20 heures au cin\u00e9ma Odyss\u00e9e 3, rue des Francs Bourgeois 67000 Strasbourg. Entr\u00e9e gratuite sur inscription \u00e0 Je me r\u00e9jouis de voir quen mati\u00e8re culturelle, lacc\u00e8s \u00e0 des spectacles de qualit\u00e9 est permis en Ard\u00e8che comme ailleurs. Cin\u00e9-go\u00fbter conte : une conteuse raconte une histoire apr\u00e8s la diffusion dun film. Des g\u00e2teaux faits maison sont propos\u00e9s apr\u00e8s la s\u00e9ance. Un vrai succ\u00e8s. Rencontres du Cin\u00e9ma Europ\u00e9en de Vannes mars : <img decoding=\"async\" src=\"http:\/\/resize.over-blog.com\/170x170-ct.jpg?http:\/\/i.ytimg.com\/vi\/RX_gj_POxY4\/hqdefault.jpg\" alt=\"rencontres cin\u00e9ma europ\u00e9en aubenas\" align=\"right\"> Rencontres du cin\u00e9ma citoyen Bobigny, novembre : La plupart de ces s\u00e9ances sont gratuites pour les spectateurs. Certaines avec des transats, souvent avec des animations de d\u00e9but de soir\u00e9e, parfois accompagn\u00e9es de la possibilit\u00e9 de se restaurer sur place! Vous aurez, par exemple, le loisir de voir ou revoir \u00e0 la belle \u00e9toile : de Martin Makariev in\u00e9dit et de Kristina Grozeva Petar Valchanov repr\u00e9senterons la Bulgarie tandis que de Sanna Lenken avant-premi\u00e8re repr\u00e9sentera la Su\u00e8de dim. 26 nov \u00e0 20h au Navire : P\u00e9dro pinho, Espagne R\u00e9alisateur N\u00e9 en 1977, Pedro Pinho est dipl\u00f4m\u00e9 de l\u00e9cole de cin\u00e9ma de Lisbonne, de l\u00c9cole nationale sup\u00e9rieure LouisLumi\u00e8re \u00e0 Paris et de la London Film School. En 2008, il fonde avec dautres r\u00e9alisateurs le collectif de production Terratreme Filmes qui joue un r\u00f4le central dans la production et la mise en avant de nouveaux talents du cin\u00e9ma portugais. LUsine de rien, pr\u00e9sent\u00e9 \u00e0 la Quinzaine des R\u00e9alisateurs, a re\u00e7u le Prix FIPRESCI sections parall\u00e8les, Cannes 2017. Quand Ines, femme daffaire dune grande soci\u00e9t\u00e9 allemande bas\u00e9e \u00e0 Bucarest, voit son p\u00e8re d\u00e9barquer sans pr\u00e9venir, elle ne cache pas son exasp\u00e9ration. Sa vie parfaitement organis\u00e9e ne souffre pas le moindre d\u00e9sordre mais lorsque son p\u00e8re lui pose la question es-tu heureuse?, son incapacit\u00e9 \u00e0 r\u00e9pondre est le d\u00e9but dun bouleversement profond.  Rendez-vous Mercredi 18 octobre pour une rencontre exceptionnelle avec Gr\u00e9goire Solotareff, auteur dalbums jeunesse qui ont inspir\u00e9 3 films : Loulou et autres loups, U, Loulou lincroyable secret, \u00e0 loccasion de la journ\u00e9e de formation des enseignants inscrits au dispositif UN FILM POUR TOUS. Le 20 mars 2009, lors de la projection de Au Centre de la Terre \u00e0 la Maison.. Le 1er Prix Henri Langlois europ\u00e9en : remis \u00e0 Oles Yanchuk, r\u00e9alisateur ukrainien, pour les qualit\u00e9s exceptionnelles et fondamentales dhumanisme d\u00e9fendues et promues dans son film Famine 33. 9\u00e8me Festival D\u00e9tours en Cin\u00e9-Court de St-G\u00e9ni\u00e8s-Bellevue Traceurs de Vladilen Vierny Film documentaire 2 e ann\u00e9e-promotion 2010.<\/p>\n","protected":false},"excerpt":{"rendered":"<p>rencontres cin\u00e9ma europ\u00e9en aubenas<\/p>\n","protected":false},"author":1,"featured_media":0,"comment_status":"closed","ping_status":"closed","sticky":false,"template":"","format":"standard","meta":{"footnotes":""},"categories":[1],"tags":[],"_links":{"self":[{"href":"http:\/\/zupnija-gomilsko.rkc.si\/journal\/wp-json\/wp\/v2\/posts\/4298"}],"collection":[{"href":"http:\/\/zupnija-gomilsko.rkc.si\/journal\/wp-json\/wp\/v2\/posts"}],"about":[{"href":"http:\/\/zupnija-gomilsko.rkc.si\/journal\/wp-json\/wp\/v2\/types\/post"}],"author":[{"embeddable":true,"href":"http:\/\/zupnija-gomilsko.rkc.si\/journal\/wp-json\/wp\/v2\/users\/1"}],"replies":[{"embeddable":true,"href":"http:\/\/zupnija-gomilsko.rkc.si\/journal\/wp-json\/wp\/v2\/comments?post=4298"}],"version-history":[{"count":1,"href":"http:\/\/zupnija-gomilsko.rkc.si\/journal\/wp-json\/wp\/v2\/posts\/4298\/revisions"}],"predecessor-version":[{"id":4299,"href":"http:\/\/zupnija-gomilsko.rkc.si\/journal\/wp-json\/wp\/v2\/posts\/4298\/revisions\/4299"}],"wp:attachment":[{"href":"http:\/\/zupnija-gomilsko.rkc.si\/journal\/wp-json\/wp\/v2\/media?parent=4298"}],"wp:term":[{"taxonomy":"category","embeddable":true,"href":"http:\/\/zupnija-gomilsko.rkc.si\/journal\/wp-json\/wp\/v2\/categories?post=4298"},{"taxonomy":"post_tag","embeddable":true,"href":"http:\/\/zupnija-gomilsko.rkc.si\/journal\/wp-json\/wp\/v2\/tags?post=4298"}],"curies":[{"name":"wp","href":"https:\/\/api.w.org\/{rel}","templated":true}]}}