
{"id":4326,"date":"2020-09-28T07:33:50","date_gmt":"2020-09-28T07:33:50","guid":{"rendered":"http:\/\/zupnija-gomilsko.rkc.si\/journal\/?p=4326"},"modified":"2020-09-23T03:14:37","modified_gmt":"2020-09-23T03:14:37","slug":"rencontre-avec-des-sourds","status":"publish","type":"post","link":"http:\/\/zupnija-gomilsko.rkc.si\/journal\/2020\/09\/28\/rencontre-avec-des-sourds\/","title":{"rendered":"Rencontre Avec Des Sourds"},"content":{"rendered":"<p> Caf\u00e9 de lEcole des parents 11 Cit\u00e9 du Couvent, 75011 Paris 01 44 93 44 84 E-mail :-Pour les remises et demandes de CNI et de passeports, Informer et sensibiliser sur la greffe et le don dorgane. Le diab\u00e8te  Contact : Association VO SOURDS 95-T\u00e9l : 06 82 24 62 15 sourdes dans les diff\u00e9rentes structures des Villageoises :-Foyer Quel est le r\u00f4le de lintelligence artificielle dans cette application? Ava utilise les micros des smartphones avec une technologie de reconnaissance vocale pour transcrire les voix en sous-titrage, explique Adrien Meslet. Lorsque je parle \u00e0 mon t\u00e9l\u00e9phone, il transmet les informations \u00e0 des serveurs aliment\u00e9s par des algorithmes qui renvoient une transcription simultan\u00e9e de la parole, avec un d\u00e9calage g\u00e9n\u00e9ralement inf\u00e9rieur \u00e0 une seconde. Il y a 10 jours, je suis all\u00e9e \u00e0 Cergy 95, en R\u00e9gion Parisienne pour assister \u00e0 un caf\u00e9 signes de rencontre entre sourds et entendants. Ayant beaucoup de route \u00e0 faire, je suis arriv\u00e9e avec un bon quart dheure de retard. Mais jai \u00e9t\u00e9 tr\u00e8s bien accueillie par tous les participants. Moi qui suis tr\u00e8s timide, cest un grand pas que jai fait en allant seule l\u00e0-bas. Proposer des projets bilingues par la pr\u00e9sence danimateur sourds en lsf dans les lieux daccueil de la petite enfance, en partenariat avec les collectivit\u00e9s concern\u00e9es et la CAF. <img decoding=\"async\" src=\"http:\/\/m2-design.org\/img\/657bb96968297ead1136af7b9f64d37d.jpg\" alt=\"rencontre avec des sourds\" align=\"right\"> Les mercredis de 18h30 \u00e0 20h30 \u00e0 partir doctobre 2005 Qu\u00e0 cela ne tienne, ce sera d\u00e9sormais une application qui assurera le job dinterpr\u00e8te pour sa famille mais aussi, il lesp\u00e8re, pour les 400 millions de sourds et malentendants concern\u00e9s dans le monde. T\u00e9l\u00e9chargeable gratuitement sur un smartphone et lanc\u00e9e le 5 juillet en France, son appli Ava retranscrit par \u00e9crit, et en temps r\u00e9el, des conversations orales. Jusqu\u00e0 douze personnes traduites en temps r\u00e9el lobligeait : Jean, je tai dis de toccuper de Jean-Marie, jusqu\u00e0 ce quil connaisse le chemin! Jai du mal \u00e0 me diriger dans cette maison. Le lundi les choses s\u00e9rieuses commencent. La <img decoding=\"async\" src=\"http:\/\/f.hypotheses.org\/wp-content\/blogs.dir\/554\/files\/2012\/08\/ESSMP.jpg\" alt=\"rencontre avec des sourds\" align=\"right\"> manque qui ne cesse de parler \u00e0 la langue et au corps de ceux qui entendent, THA\u00cfLANDE-CONJONCTURE: Ce quil faut savoir sur limpact \u00e9conomique de l\u00e9pid\u00e9mie-Gavroche Mobilisation citoyenne : lancement de la R\u00e9serve Civique voix chantantes avaient fait r\u00e9sonner mon int\u00e9rieur au point den recouvrir  salut je suis sourd et j aimerais de faire connaissance de vous un brouillon est d\u00e9j\u00e0 pr\u00e9sent dans votre espace commentaire. Vous ne pouvez en sauvegarder quun Dans le monde entier, le manque dinformations en langue des signes marginalise les personnes sourdes et les emp\u00eache davoir acc\u00e8s \u00e0 divers services, a conclu Lea Labaki. Rendre l actualit\u00e9 des droits humains accessible en langue des signes fait partie d un effort mondial qui est indispensable pour que ces personnes aient acc\u00e8s \u00e0 la vie de la communaut\u00e9 et \u00e0 des services que la plupart des gens consid\u00e8rent comme allant de soi. PortraitSeul membre de sa famille \u00e0 avoir surv\u00e9cu aux camps, il est lun des derniers \u00e0 pouvoir t\u00e9moigner, 75 ans ans apr\u00e8s la fin de la seconde guerre mondiale. Votre don avant le 311220 b\u00e9n\u00e9ficie de 66 de r\u00e9duction dimp\u00f4t. <img decoding=\"async\" src=\"http:\/\/docplayer.fr\/docs-images\/46\/14482457\/images\/page_3.jpg\" alt=\"rencontre avec des sourds\" align=\"center\"> Pour maintenir un lien social avec les personnes malentendantes, il est possible de faire appel \u00e0 une aide \u00e0 domicile pour mieux appr\u00e9hender cet handicap. Les intervenants \u00e0 domicile connaissent les gestes \u00e0 adopter face \u00e0 une personne malentendante.<\/p>\n","protected":false},"excerpt":{"rendered":"<p>rencontre avec des sourds<\/p>\n","protected":false},"author":1,"featured_media":0,"comment_status":"closed","ping_status":"closed","sticky":false,"template":"","format":"standard","meta":{"footnotes":""},"categories":[1],"tags":[],"_links":{"self":[{"href":"http:\/\/zupnija-gomilsko.rkc.si\/journal\/wp-json\/wp\/v2\/posts\/4326"}],"collection":[{"href":"http:\/\/zupnija-gomilsko.rkc.si\/journal\/wp-json\/wp\/v2\/posts"}],"about":[{"href":"http:\/\/zupnija-gomilsko.rkc.si\/journal\/wp-json\/wp\/v2\/types\/post"}],"author":[{"embeddable":true,"href":"http:\/\/zupnija-gomilsko.rkc.si\/journal\/wp-json\/wp\/v2\/users\/1"}],"replies":[{"embeddable":true,"href":"http:\/\/zupnija-gomilsko.rkc.si\/journal\/wp-json\/wp\/v2\/comments?post=4326"}],"version-history":[{"count":1,"href":"http:\/\/zupnija-gomilsko.rkc.si\/journal\/wp-json\/wp\/v2\/posts\/4326\/revisions"}],"predecessor-version":[{"id":4327,"href":"http:\/\/zupnija-gomilsko.rkc.si\/journal\/wp-json\/wp\/v2\/posts\/4326\/revisions\/4327"}],"wp:attachment":[{"href":"http:\/\/zupnija-gomilsko.rkc.si\/journal\/wp-json\/wp\/v2\/media?parent=4326"}],"wp:term":[{"taxonomy":"category","embeddable":true,"href":"http:\/\/zupnija-gomilsko.rkc.si\/journal\/wp-json\/wp\/v2\/categories?post=4326"},{"taxonomy":"post_tag","embeddable":true,"href":"http:\/\/zupnija-gomilsko.rkc.si\/journal\/wp-json\/wp\/v2\/tags?post=4326"}],"curies":[{"name":"wp","href":"https:\/\/api.w.org\/{rel}","templated":true}]}}