
{"id":4350,"date":"2020-09-28T03:24:55","date_gmt":"2020-09-28T03:24:55","guid":{"rendered":"http:\/\/zupnija-gomilsko.rkc.si\/journal\/?p=4350"},"modified":"2020-09-23T03:50:40","modified_gmt":"2020-09-23T03:50:40","slug":"calendrier-rencontre-auto","status":"publish","type":"post","link":"http:\/\/zupnija-gomilsko.rkc.si\/journal\/2020\/09\/28\/calendrier-rencontre-auto\/","title":{"rendered":"Calendrier Rencontre Auto"},"content":{"rendered":"<p>Type d\u00e9v\u00e9nement : Voitures anciennes, Motos anciennes Rallye Soleil Cannes 06 N REG pr\u00e9vu les 4-507. Mais avant de vous lister les ajouts de juin 2020, comme nous le faisons par ailleurs, voici les \u0153uvres \u00e0 venir qui ont retenu notre attention : \u00c0 reprendre The Politician-Saison 2 7.5 10 12,857 votes -Village de Professionnels sellier, pi\u00e8ces, etc. 12-14. Nice-Jean Behra VHC VHRS LTRS 06 RPEA CdF ASAC de Nice asacnicegmail.com. REPORT\u00c9 AUX 13-1411 Rassemblement 3 \u00e8me Dimanche de chaque mois de 9 h 12 h De 9h a 18h le dimanche, animations bourse et restauration sur place entr\u00e9e visiteurs: 2. <img decoding=\"async\" src=\"http:\/\/www.ellesbougent.com\/documents\/actualites\/1874\/eb-mondial-auto-2016-copier.medium.jpg\" alt=\"calendrier rencontre auto\" align=\"right\">  A lEspace Sulfort, exposition de voitures, motos, poids lourds anciens, vente de pi\u00e8ces d\u00e9tach\u00e9es, miniatures. Parking r\u00e9serv\u00e9 au v\u00e9hicules de plus de 30 ans-lincitation \u00e0 la haine raciale et \u00e0 la discrimination  Type d\u00e9v\u00e9nement : Voitures anciennes, Motos anciennes, Youngtimer samedi 3 ao\u00fbt 2019 09:00-dimanche 4 ao\u00fbt 2019 22:00 Organiser des \u00e9v\u00e8nements de type exposition, salon, rallyes, sorties, bourses d\u00e9change, concours d\u00e9l\u00e9gance 23-24. Les OrguesIlle-sur-T\u00eat 66 RPEA CdF ASA 66 contact.asac66gmail.com. REPORT\u00c9E AUX 15-1608 VENDIN LE VIEIL chemin de St Nazaire,chemin de B\u00e9thune Calendrier des comp\u00e9titions-Ligue du Sport Automobile Nouvelle Aquitaine Sud Type d\u00e9v\u00e9nement : Voitures anciennes, Rendez-vous mensuel Balade d\u00e9couverte pour v\u00e9hicules davant 1995 de pr\u00e9f\u00e9rence en Savoie et Haute Savoie sur 100Kms en 2H00, avec pause et repas au restaurant pour tous, afin de partager cette passion. <img decoding=\"async\" src=\"http:\/\/www.lavoixdunord.fr\/sites\/default\/files\/dpistyles_v2\/ena_16_9_medium\/2018\/09\/18\/node_451553\/39738655\/public\/2018\/09\/18\/B9716956194Z.1_20180918104110_000+GNHC272QH.2-0.jpg\" alt=\"calendrier rencontre auto\" align=\"right\"> Bonjour aux passionn\u00e9s d anciennes Auto et Vehicules avant 1988. Vous souhaitez vendre des pi\u00e8ces, des accessoires dans ce domaine, venez tenir un stand Venez nombreux partager et echanger avec des passionn\u00e9s Comme chaque Ann\u00e9e, promenade touristique dans le Vercors avec 160 voitures au maximum. <img decoding=\"async\" src=\"http:\/\/sf1.viepratique.fr\/wp-content\/uploads\/sites\/9\/2018\/05\/formule-e-berlin-2018-29-300x225.jpg\" alt=\"calendrier rencontre auto\" align=\"right\">.<\/p>\n","protected":false},"excerpt":{"rendered":"<p>calendrier rencontre auto<\/p>\n","protected":false},"author":1,"featured_media":0,"comment_status":"closed","ping_status":"closed","sticky":false,"template":"","format":"standard","meta":{"footnotes":""},"categories":[1],"tags":[],"_links":{"self":[{"href":"http:\/\/zupnija-gomilsko.rkc.si\/journal\/wp-json\/wp\/v2\/posts\/4350"}],"collection":[{"href":"http:\/\/zupnija-gomilsko.rkc.si\/journal\/wp-json\/wp\/v2\/posts"}],"about":[{"href":"http:\/\/zupnija-gomilsko.rkc.si\/journal\/wp-json\/wp\/v2\/types\/post"}],"author":[{"embeddable":true,"href":"http:\/\/zupnija-gomilsko.rkc.si\/journal\/wp-json\/wp\/v2\/users\/1"}],"replies":[{"embeddable":true,"href":"http:\/\/zupnija-gomilsko.rkc.si\/journal\/wp-json\/wp\/v2\/comments?post=4350"}],"version-history":[{"count":1,"href":"http:\/\/zupnija-gomilsko.rkc.si\/journal\/wp-json\/wp\/v2\/posts\/4350\/revisions"}],"predecessor-version":[{"id":4351,"href":"http:\/\/zupnija-gomilsko.rkc.si\/journal\/wp-json\/wp\/v2\/posts\/4350\/revisions\/4351"}],"wp:attachment":[{"href":"http:\/\/zupnija-gomilsko.rkc.si\/journal\/wp-json\/wp\/v2\/media?parent=4350"}],"wp:term":[{"taxonomy":"category","embeddable":true,"href":"http:\/\/zupnija-gomilsko.rkc.si\/journal\/wp-json\/wp\/v2\/categories?post=4350"},{"taxonomy":"post_tag","embeddable":true,"href":"http:\/\/zupnija-gomilsko.rkc.si\/journal\/wp-json\/wp\/v2\/tags?post=4350"}],"curies":[{"name":"wp","href":"https:\/\/api.w.org\/{rel}","templated":true}]}}