
{"id":4390,"date":"2020-09-28T20:30:24","date_gmt":"2020-09-28T20:30:24","guid":{"rendered":"http:\/\/zupnija-gomilsko.rkc.si\/journal\/?p=4390"},"modified":"2020-09-23T05:24:16","modified_gmt":"2020-09-23T05:24:16","slug":"projet-rencontre-2009","status":"publish","type":"post","link":"http:\/\/zupnija-gomilsko.rkc.si\/journal\/2020\/09\/28\/projet-rencontre-2009\/","title":{"rendered":"Projet Rencontre 2009"},"content":{"rendered":"<p>Ardans participera \u00e0 plusieurs tables rondes au salon du Digital Workplace qui se tiendra du 22 au 24 septembre 2020 Paris Expo-Porte de.. Ces conditions mat\u00e9rielles, le fait est que les parents trouvent difficilement \u00e9tablissements et les sessad, en principe, nont pas le m\u00eame nombre Ils ont r\u00e9colt\u00e9 la somme de 424,35 au profit du Sidaction. Nous publions ci-dessous un communiqu\u00e9 du SNJ-CGT et du SNRT-CGT de France T\u00e9l\u00e9visions. Acrimed <img decoding=\"async\" src=\"http:\/\/gate.wp.telecom-sudparis.eu\/files\/2013\/08\/2009_poster_12.jpg\" alt=\"projet rencontre 2009\" align=\"right\"> Le 11 d\u00e9cembre 2019, venez participer \u00e0 la r\u00e9union du p\u00f4le RH du club de Jouy-en-Josas Droits de lenfant : Former les professionnels de la prise en charge alternative Les \u00e9tapes de la mise en r\u00e9seau : petit retour en arri\u00e8re Laur\u00e9at 2009 de la Bourse Charles Foix : Le projet GREEN AGE De septembre 2008 \u00e0 juin 2009, les rencontres entre parents et entre enseignants se poursuivent. Depuis le d\u00e9but du projet, 20 rencontres entre parents ont eu lieu, ce qui repr\u00e9sente la participation totale de 39 parents \u00e0 au moins une rencontre. La rencontre entre parents et enseignants du 9 juin 2009 permet de faire \u00e9merger des conditions de participation des parents \u00e0 l\u00e9cole. Dapr\u00e8s les participants, la qualit\u00e9 des \u00e9changes sam\u00e9liore. Cest quoi exactement un core d\u00e9veloppeur et comment le devient-on?  : le bilan des visites aupr\u00e8s des trois IME, \u00e0 partir des prises <img decoding=\"async\" src=\"http:\/\/www.ilotcalin.fr\/images\/rencontreintergene.JPG\" alt=\"projet rencontre 2009\" align=\"left\"> <img decoding=\"async\" src=\"http:\/\/www.alsaceactive.fr\/upload\/uploads\/entrepreneurs(4).jpg\" alt=\"projet rencontre 2009\" align=\"center\"> 24-2013-2017 : Essais cliniques : r\u00e9alisation de lessai de faisabilit\u00e9 et d\u00e9marrage de l\u00e9tude pivot R\u00e9dig\u00e9 par Maths Equipe P\u00e9dagogique le Mercredi 13 Octobre 2010 \u00e0 13:48 Lecture de paysage autour des paysages agricoles du Cantal Un s\u00e9minaire de restitution du projet a \u00e9t\u00e9 organis\u00e9 le 17 septembre 2013 \u00e0 Paris. Coordinateur du projet : Forum Europeen pour la S\u00e9curit\u00e9 Urbaine 4 \u00e9tudiants ont organis\u00e9 une journ\u00e9e de simulation dentretiens. Les \u00e9tudiants du d\u00e9partement ont rencontr\u00e9 des acteurs du monde professionnel Adecco, Optimisation RH, Entreprendre pour apprendre.. Venus leur faire passer un entretien dembauche. Projetrencontre interforum en mai 2009 nevers magny cours : Rencontres ou \u00e9v\u00e9nements pass\u00e9s-Page 5-Forum Renault Laguna Messages: 5728 Images: 0 Inscription: Lun Sep 19, 2005 17:08 Localisation: proche de Genlis 21-C\u00f4te dOr Voiture: Laguna I Phase 2  Le pr\u00e9sent Protocole et ses annexes font application de lAccord cadre relatif \u00e0 la gestion concert\u00e9e des migrations et au d\u00e9veloppement solidaire entre le Gouvernement de la R\u00e9publique Fran\u00e7aise et le Gouvernement de la R\u00e9publique Tunisienne sign\u00e9 le 28 avril 2008 et entrent en vigueur dune mani\u00e8re concomitante et conform\u00e9ment aux proc\u00e9dures pr\u00e9vues \u00e0 lalin\u00e9a premier de larticle 4 dudit Accord cadre. En foi de quoi, les repr\u00e9sentants des deux Parties d\u00fbment autoris\u00e9s \u00e0 cet effet, ont sign\u00e9 le pr\u00e9sent Protocole. Fait \u00e0 Tunis, le 28 avril 2008 en double exemplaire en langues fran\u00e7aise et arabe, les deux textes faisant \u00e9galement foi. Cr\u00e9\u00e9 et construit par Marion Campion, Nicolas Longobardi, Nicolas Mulier, Valentin Monchau. Promotion 20112013  Dominique LEFEBVRE, Directeur G\u00e9n\u00e9ral, Altya Cindyn\u00e9o.<\/p>\n","protected":false},"excerpt":{"rendered":"<p>projet rencontre 2009<\/p>\n","protected":false},"author":1,"featured_media":0,"comment_status":"closed","ping_status":"closed","sticky":false,"template":"","format":"standard","meta":{"footnotes":""},"categories":[1],"tags":[],"_links":{"self":[{"href":"http:\/\/zupnija-gomilsko.rkc.si\/journal\/wp-json\/wp\/v2\/posts\/4390"}],"collection":[{"href":"http:\/\/zupnija-gomilsko.rkc.si\/journal\/wp-json\/wp\/v2\/posts"}],"about":[{"href":"http:\/\/zupnija-gomilsko.rkc.si\/journal\/wp-json\/wp\/v2\/types\/post"}],"author":[{"embeddable":true,"href":"http:\/\/zupnija-gomilsko.rkc.si\/journal\/wp-json\/wp\/v2\/users\/1"}],"replies":[{"embeddable":true,"href":"http:\/\/zupnija-gomilsko.rkc.si\/journal\/wp-json\/wp\/v2\/comments?post=4390"}],"version-history":[{"count":1,"href":"http:\/\/zupnija-gomilsko.rkc.si\/journal\/wp-json\/wp\/v2\/posts\/4390\/revisions"}],"predecessor-version":[{"id":4391,"href":"http:\/\/zupnija-gomilsko.rkc.si\/journal\/wp-json\/wp\/v2\/posts\/4390\/revisions\/4391"}],"wp:attachment":[{"href":"http:\/\/zupnija-gomilsko.rkc.si\/journal\/wp-json\/wp\/v2\/media?parent=4390"}],"wp:term":[{"taxonomy":"category","embeddable":true,"href":"http:\/\/zupnija-gomilsko.rkc.si\/journal\/wp-json\/wp\/v2\/categories?post=4390"},{"taxonomy":"post_tag","embeddable":true,"href":"http:\/\/zupnija-gomilsko.rkc.si\/journal\/wp-json\/wp\/v2\/tags?post=4390"}],"curies":[{"name":"wp","href":"https:\/\/api.w.org\/{rel}","templated":true}]}}