
{"id":5596,"date":"2020-10-01T08:11:43","date_gmt":"2020-10-01T08:11:43","guid":{"rendered":"http:\/\/zupnija-gomilsko.rkc.si\/journal\/?p=5596"},"modified":"2020-09-24T20:29:48","modified_gmt":"2020-09-24T20:29:48","slug":"ligue-des-champions-les-rencontres-de-la-soiree-de-mardi","status":"publish","type":"post","link":"http:\/\/zupnija-gomilsko.rkc.si\/journal\/2020\/10\/01\/ligue-des-champions-les-rencontres-de-la-soiree-de-mardi\/","title":{"rendered":"Ligue Des Champions Les Rencontres De La Soir\u00e9e De Mardi"},"content":{"rendered":"<p>Un coup franc superbe de Paulo Dybala a suffi \u00e0 la Juventus pour battre lAtl\u00e9tico Madrid 1-0 et sassurer la premi\u00e8re place du groupe D de la Ligue des Champions, compliquant aussi la vie des Espagnols, pas encore qualifi\u00e9s. Article Tirage au sort des poules de Champions League, pr\u00e9sentation et diffusion Rien ne sera \u00e9pargn\u00e9 au PSG. Maudit en huiti\u00e8mes de finale de C1 depuis trois ans, le club parisien a tr\u00e8s mal engag\u00e9 son op\u00e9ration \u00e0 Dortmund. Il a \u00e9t\u00e9 terrass\u00e9 par Erling Haaland, un g\u00e9ant blond d\u00e0 peine 19 ans. LUEFA a \u00e9t\u00e9 claire depuis le d\u00e9but de la suspension de.. <img decoding=\"async\" src=\"http:\/\/www.bad79.be\/uploads\/5\/6\/7\/6\/56765637\/demifinalnational10-02-2018_1_orig.png\" alt=\"ligue des champions les rencontres de la soir\u00e9e de mardi\" align=\"left\">  Valence ESP-Bayer Leverkusen GER : La victoire est quasi-imp\u00e9rative \u00e0 Mestalla si Valence veut continuer \u00e0 croire en la qualification. Mais le club espagnol naborde pas ce match d\u00e9cisif dans des conditions optimales, son meneur de jeu Sergio Canales \u00e9tant indisponible six mois en raison dune grave blessure au genou. A la mi-temps, le score \u00e9tait d\u00e9j\u00e0 de 5-0. Une rencontre qui nest pas sans rappeler la claque inflig\u00e9e par lAllemagne au Br\u00e9sil en demi-finale de Coupe du monde en juin dernier. Cette victoire du Bayern est la 8e la plus large lors dun match de Ligue des champions. Le coach fran\u00e7ais de lAS Rome semble dailleurs tr\u00e8s malheureux contre les Munichois. En 2012, il encaissait d\u00e9j\u00e0 5 buts en une mi-temps avec Lille 1-6, au final. <img decoding=\"async\" src=\"http:\/\/images.performgroup.com\/javaImages\/b\/be\/0,~16236043,00.jpeg\" alt=\"ligue des champions les rencontres de la soir\u00e9e de mardi\" align=\"left\"> Ligue des champions: Monaco attend Porto, un duel Dortmund-Real Madrid-ladepeche.fr Toutes les diffusions Les rencontres de la soir\u00e9e de mardi Ce site utilise Akismet pour r\u00e9duire les ind\u00e9sirables.. <img decoding=\"async\" src=\"http:\/\/www.gvhtt.com\/bases\/articleproa_image\/grande\/1663\/gvhtt.jpg\" alt=\"ligue des champions les rencontres de la soir\u00e9e de mardi\" align=\"left\">  Publi\u00e9 le 15 d\u00e9cembre 2019 \u00e0 16h00-Mis \u00e0 jour le 16 d\u00e9cembre 2019 \u00e0 10h03 Pour chaque soir\u00e9e de coupe dEurope, RMC Sport proposera des matchs \u00e0 19h puis \u00e0 21h. Les rencontres seront comment\u00e9es par J\u00e9r\u00f4me Sillon, Luigi Colange et \u00c9ric Huet, avec J\u00e9r\u00f4me Rothen pour lUEFA Champions League et Eric Di Meco pour lUEFA Europa League. Ligue des champions: Monaco attend Porto, un duel Dortmund-Real Madrid La Champions Cup aura lieu \u00e0 partir du 1er juin, elle r\u00e9unira les 12 \u00e9quipes qualifi\u00e9es du circuit ouvert 4 \u00e9quipes du qualifier ferm\u00e9 nomm\u00e9 Last Chance. Homme Du Match N1 des notes, actu foot, mercato et transferts! Passionn\u00e9 de t\u00e9l\u00e9phonie et dinternet, Cl\u00e9ment vous alertera des derni\u00e8res sp\u00e9cificit\u00e9s technologiques et des offres des FAI.  Venez encouragez votre \u00e9quipe sur le chat room et discuter.<\/p>\n","protected":false},"excerpt":{"rendered":"<p>ligue des champions les rencontres de la soir\u00e9e de mardi<\/p>\n","protected":false},"author":1,"featured_media":0,"comment_status":"closed","ping_status":"closed","sticky":false,"template":"","format":"standard","meta":{"footnotes":""},"categories":[1],"tags":[],"_links":{"self":[{"href":"http:\/\/zupnija-gomilsko.rkc.si\/journal\/wp-json\/wp\/v2\/posts\/5596"}],"collection":[{"href":"http:\/\/zupnija-gomilsko.rkc.si\/journal\/wp-json\/wp\/v2\/posts"}],"about":[{"href":"http:\/\/zupnija-gomilsko.rkc.si\/journal\/wp-json\/wp\/v2\/types\/post"}],"author":[{"embeddable":true,"href":"http:\/\/zupnija-gomilsko.rkc.si\/journal\/wp-json\/wp\/v2\/users\/1"}],"replies":[{"embeddable":true,"href":"http:\/\/zupnija-gomilsko.rkc.si\/journal\/wp-json\/wp\/v2\/comments?post=5596"}],"version-history":[{"count":1,"href":"http:\/\/zupnija-gomilsko.rkc.si\/journal\/wp-json\/wp\/v2\/posts\/5596\/revisions"}],"predecessor-version":[{"id":5597,"href":"http:\/\/zupnija-gomilsko.rkc.si\/journal\/wp-json\/wp\/v2\/posts\/5596\/revisions\/5597"}],"wp:attachment":[{"href":"http:\/\/zupnija-gomilsko.rkc.si\/journal\/wp-json\/wp\/v2\/media?parent=5596"}],"wp:term":[{"taxonomy":"category","embeddable":true,"href":"http:\/\/zupnija-gomilsko.rkc.si\/journal\/wp-json\/wp\/v2\/categories?post=5596"},{"taxonomy":"post_tag","embeddable":true,"href":"http:\/\/zupnija-gomilsko.rkc.si\/journal\/wp-json\/wp\/v2\/tags?post=5596"}],"curies":[{"name":"wp","href":"https:\/\/api.w.org\/{rel}","templated":true}]}}