
{"id":8438,"date":"2020-10-09T17:01:36","date_gmt":"2020-10-09T17:01:36","guid":{"rendered":"http:\/\/zupnija-gomilsko.rkc.si\/journal\/?p=8438"},"modified":"2020-09-28T13:18:45","modified_gmt":"2020-09-28T13:18:45","slug":"rencontre-avec-ma-psy-3","status":"publish","type":"post","link":"http:\/\/zupnija-gomilsko.rkc.si\/journal\/2020\/10\/09\/rencontre-avec-ma-psy-3\/","title":{"rendered":"Rencontre Avec Ma Psy"},"content":{"rendered":"<p>  Oh que non je ne pr\u00eache pas pour la psychanalyse. Je relis un livre de Klein Psychanalyse dun enfant car je navais \u00e9videmment pas de recul n\u00e9cessaire lorsque je lai lu vers 14 ans. Les raccourcis interpr\u00e9tatifs me laissent pantoise. Mais je suis tr\u00e8s na\u00efve alors jattends de comprendre sa logique avant de juger; et voir aussi les effets chez le petit patient \u00e0 lissu de la cure.Jai r\u00e9cemment lu Le cr\u00e9puscule dune idole dOnfray, je lirais bien Le livre noir de la psychanalyse. Je comprends bien les dysfonctionnements. Je pense en revanche que tout nest pas \u00e0 jeter. Pas de soucis pour la condescendance, je suis pr\u00e9venue ; <img decoding=\"async\" src=\"http:\/\/www.codes84.fr\/_depot_arkcms_codes84\/_depot_arko\/articles\/366\/educ-sante-38_img.jpg\" alt=\"rencontre avec ma psy\" align=\"center\"> LE PSYCHIATRE : il a fait des \u00e9tudes de m\u00e9decine puis sest sp\u00e9cialis\u00e9 durant 4 ans \u00e0 la psychiatrie. Les p\u00e9dopsychiatres sont sp\u00e9cialis\u00e9s pour les enfants. Peut prescrire des m\u00e9dicaments, rembours\u00e9 par la s\u00e9curit\u00e9 sociale : totalement secteur I ou partiellement secteur II. Moins de choix dans les professionnels. D\u00e9lais de prise en charge souvent bien plus longs. Plus comp\u00e9tents pour la prise en charge de troubles s\u00e9v\u00e8res autisme, schizophr\u00e9nie. Enregistr\u00e9 aupr\u00e8s de lARS. Puis un jour, lanonyme rencontr\u00e9 dans la rue devient le psy. Que les entretiens aient lieu en cabinet ou par internet, leur dur\u00e9e moyenne est de 45 minutes. Le temps est \u00e9court\u00e9 g\u00e9n\u00e9ralement pour les enfants, pour lesquels un entretien dure environ 30 minutes. Analyse des pratiques Supervision d\u00e9quipe..-Le Portail de lAnalyse des Pratiques <img decoding=\"async\" src=\"http:\/\/www.editions-harmattan.fr\/catalogue\/couv\/2747546500r.jpg\" alt=\"rencontre avec ma psy\" align=\"center\"> vous savez, choisiriez-vous un tel ami? Choisiriez-vous de telles valeurs Pour \u00e9tablir une relation avec le psychologue lenfant doit se sentir en s\u00e9curit\u00e9. Cest pourquoi le cadre doit \u00eatre contenant. Autrement dit lapproche du psychologue est rassurante et non-intrusive afin de cr\u00e9er un espace th\u00e9rapeutique ouvert. Le psychologue \u00e9coute lenfant, lui parle dans un langage simple et \u00e0 sa port\u00e9e. Cest seulement dans cet espace contenant quil pourra observer et questionner lenfant, faire un travail danalyse, \u00e9mettre des hypoth\u00e8ses, pour finalement lui proposer des interpr\u00e9tations. Ca ma permis de mettre des mots sur mes maux et d\u00e9vacuer Les devoirs de votre psychologue, vos droits en tant que client. Super r\u00e9daction de larticle tr\u00e8s facile \u00e0 lire et avec une pointe dhumour cest top. La psychologie plus accessible. \u00c7a devrait donner envie aux parents damener leur enfants et daller \u00e0 la rencontre de cette psychologue \u00e0 Bordeaux. Pour ma part jai un avis clair et tranch\u00e9, on a tous besoin de quelques s\u00e9ances. Cest aussi important que l\u00e9ducation et \u00e7a permet de se lib\u00e9rer de souffrances dont on a conscience ou non. Lutilitee dy retourne ou alors il faudrait que la raison Propos clairs, concis et jaime ce c\u00f4t\u00e9 altruisme o\u00f9 vous pr\u00e9cisez bien 3. Il existe de vraies guerres de chapelles entre sp\u00e9cialit\u00e9s psy-Avez-vous pu voir ses dipl\u00f4mes? En a-t-ilelle vraiment? Si vous souhaitez savoir comment faire, cliquez  <img decoding=\"async\" src=\"http:\/\/www.prendsendelagraine.org\/uploads\/5547432fe526e.jpg\" alt=\"rencontre avec ma psy\" align=\"center\"> mais petit \u00e0 petit, les s\u00e9ances sespaceront delles m\u00eame. Votre psychologue ne peut \u00e9mettre des jugements sur des personnes ou situations quilelle na La, quelles que soient les circonstances, mais surtout en cas de suicide, peut \u00eatre particuli\u00e8rement grave. Perdre un th\u00e9rapeute pour cause de suicide nest malheureusement pas si rare, explique Charles Nemeroff, professeur et directeur du d\u00e9partement de psychiatrie de la facult\u00e9 de m\u00e9decine de la Dell Medical School, au Texas. Les donn\u00e9es indiquent clairement quil sagit dun groupe dindividus \u00e0 risque, dit-il. Et m\u00eame sils parviennent tr\u00e8s bien \u00e0 traiter les probl\u00e8mes mentaux des autres, ils ont du mal \u00e0 demander de laide lorsquils en ont besoin. Beaucoup ne le font pas. Les docteurs sont de terribles patients. Votre navigateur ne peut pas afficher ce tag vid\u00e9o.<\/p>\n","protected":false},"excerpt":{"rendered":"<p>rencontre avec ma psy<\/p>\n","protected":false},"author":1,"featured_media":0,"comment_status":"closed","ping_status":"closed","sticky":false,"template":"","format":"standard","meta":{"footnotes":""},"categories":[1],"tags":[],"_links":{"self":[{"href":"http:\/\/zupnija-gomilsko.rkc.si\/journal\/wp-json\/wp\/v2\/posts\/8438"}],"collection":[{"href":"http:\/\/zupnija-gomilsko.rkc.si\/journal\/wp-json\/wp\/v2\/posts"}],"about":[{"href":"http:\/\/zupnija-gomilsko.rkc.si\/journal\/wp-json\/wp\/v2\/types\/post"}],"author":[{"embeddable":true,"href":"http:\/\/zupnija-gomilsko.rkc.si\/journal\/wp-json\/wp\/v2\/users\/1"}],"replies":[{"embeddable":true,"href":"http:\/\/zupnija-gomilsko.rkc.si\/journal\/wp-json\/wp\/v2\/comments?post=8438"}],"version-history":[{"count":1,"href":"http:\/\/zupnija-gomilsko.rkc.si\/journal\/wp-json\/wp\/v2\/posts\/8438\/revisions"}],"predecessor-version":[{"id":8439,"href":"http:\/\/zupnija-gomilsko.rkc.si\/journal\/wp-json\/wp\/v2\/posts\/8438\/revisions\/8439"}],"wp:attachment":[{"href":"http:\/\/zupnija-gomilsko.rkc.si\/journal\/wp-json\/wp\/v2\/media?parent=8438"}],"wp:term":[{"taxonomy":"category","embeddable":true,"href":"http:\/\/zupnija-gomilsko.rkc.si\/journal\/wp-json\/wp\/v2\/categories?post=8438"},{"taxonomy":"post_tag","embeddable":true,"href":"http:\/\/zupnija-gomilsko.rkc.si\/journal\/wp-json\/wp\/v2\/tags?post=8438"}],"curies":[{"name":"wp","href":"https:\/\/api.w.org\/{rel}","templated":true}]}}