
{"id":8480,"date":"2020-10-09T20:34:08","date_gmt":"2020-10-09T20:34:08","guid":{"rendered":"http:\/\/zupnija-gomilsko.rkc.si\/journal\/?p=8480"},"modified":"2020-09-28T15:25:06","modified_gmt":"2020-09-28T15:25:06","slug":"rencontre-musulmans-limoges-3","status":"publish","type":"post","link":"http:\/\/zupnija-gomilsko.rkc.si\/journal\/2020\/10\/09\/rencontre-musulmans-limoges-3\/","title":{"rendered":"Rencontre Musulmans Limoges"},"content":{"rendered":"<p>Cest le gardien des lieux qui a d\u00e9couvert ces d\u00e9gradations \u00e0 la mosqu\u00e9e, vers 4h40 du matin. Annabelle Baudin d\u00e9peint l\u00e9volution de Coexister et son extension progressive, notamment avec le lancement dInterFaith Tour. La journaliste \u00e9voque \u00e9galement limpact social du projet \u00e0 travers des t\u00e9moignages de Coexistants. <img decoding=\"async\" src=\"http:\/\/borsvarldsen.gq\/exposition_histoire_de_l_art_internet.jpg\" alt=\"rencontre musulmans limoges\" align=\"left\"> Limoges 87 : rencontre inter-religieuse entre jeunes de 15 \u00e0 25 ans \u00e0 la grande mosqu\u00e9e Rencontre snapchat l\u0153uvre la saison 20192020! Tous je suis de bien entendu, un v\u00e9ritable femme en discutant avec. Attend, que je me fasse bien comprendre, quand je Aidez-nous \u00e0 am\u00e9liorer notre site en r\u00e9pondant \u00e0 notre questionnaire. Jai aim\u00e9 lintervention et interpellation, de Guy AURENCHE ancien pr\u00e9sident du CCFD et du p\u00e8re Antoine Exelmans, rennais et vicaire g\u00e9n\u00e9ral au Maroc \u00e0 la fronti\u00e8re Maroc Alg\u00e9rie dOUJDA o\u00f9 il accueille beaucoup de jeunes africains bless\u00e9s qui cherchent \u00e0 passer barbel\u00e9s et foss\u00e9s pleins de risques mortels. Lapplication num\u00e9ro 1 de la rencontre Musulmane et Maghr\u00e9bine L\u00e9cran, avec chants et d\u00e9roulement en abr\u00e9g\u00e9 de chaque phase de lapr\u00e8s-midi, facilite aussi notre aptitude \u00e0 la pri\u00e8re Retrouvez lint\u00e9gralit\u00e9 de lentretien dans le num\u00e9ro 811 de d\u00e9cembre 2018, page 6. Cest un Maroc insolite, loin des clich\u00e9s touristiques qui sera la destination du prochain voyage de Poursuivre. De m\u00eame, le pr\u00e9sident am\u00e9ricain a laiss\u00e9 entendre quil serait pr\u00eat \u00e0 rencontrer prochainement le pr\u00e9sident iranien Hassan Rohani et \u00e0 accepter la proposition fran\u00e7aise daccorder une ligne de cr\u00e9dit de 15 milliards de dollars \u00e0 T\u00e9h\u00e9ran, en compensation des sanctions am\u00e9ricaines. Journ\u00e9e portes ouvertes de lassociation des musulmans de Beaubreuil. La salle de pri\u00e8re  <img decoding=\"async\" src=\"http:\/\/img1.etsystatic.com\/032\/0\/6848398\/il_570xN.563933919_haoo.jpg\" alt=\"rencontre musulmans limoges\" align=\"right\">  Initi\u00e9 par le responsable du groupe scouts et guide de France Saint-Eloi, le projet a rapidement s\u00e9duit lassociation des musulmans de Limoges pour la fraternit\u00e9. \u00c9galement invit\u00e9s, les jeunes protestants et juifs nont eux pas pu se rendre \u00e0 la rencontre. Cette journ\u00e9e est aussi loccasion de briser les tabous, souligne encore Matthieu Gonthier. Peut-\u00eatre que certains ont une mauvaise image de nous, m\u00eame si lon pr\u00f4ne des valeurs similaires \u00e0 de nombreuses religions. Nous pensons aussi cr\u00e9er une branche scout prochainement. Les jeunes peuvent donc \u00e9changer autour de valeurs communes. <img decoding=\"async\" src=\"http:\/\/seqdxml.cf\/erd\/wp-content\/uploads\/2018\/04\/oligarchiehelicoarticle.gif\" alt=\"rencontre musulmans limoges\" align=\"left\"> En groupe, une quinzaine de scouts de 15 \u00e0 25 ans d\u00e9couvrent, pour la premi\u00e8re fois, la grande mosqu\u00e9e de Limoges. Matthieu Gonthier, secr\u00e9taire g\u00e9n\u00e9ral de lassociation des musulmans de France m\u00e8ne la visite guid\u00e9e. Les jeunes chr\u00e9tiens d\u00e9couvrent le lumineux patio au toit de verre et \u00e0 larchitecture de style arabo-andalouse. Un vrai voyage. Dans la grande salle de pri\u00e8re, le guide explique que lon demande aux fid\u00e8les de faire cinq pri\u00e8res par jour. Les premiers mots des jeunes scouts sont timides, mais la curiosit\u00e9 est l\u00e0. Hassan Izzaoui, imam de la grande mosqu\u00e9e de Limoges, anticipe les questions, pointant un large s\u00e9parateur en bois. Les femmes prient de lautre c\u00f4t\u00e9. Cest un choix fait par les gens, et les femmes, qui portent le projet de la mosqu\u00e9e. Ce s\u00e9parateur reste intrins\u00e8que \u00e0 leur culture, et ce nest dailleurs pas forc\u00e9ment notre choix. Les \u00e9quipes du Caf\u00e9 Litt\u00e9raire, de lassociation Coexister Limoges et du Women SenseTour in Muslim countries WST vous invitent \u00e0 une projection documentaire d\u00e9bat. Tout le monde conna\u00eet les scouts. Ce quon sait moins cest quil en existe plusie.. .<\/p>\n","protected":false},"excerpt":{"rendered":"<p>rencontre musulmans limoges<\/p>\n","protected":false},"author":1,"featured_media":0,"comment_status":"closed","ping_status":"closed","sticky":false,"template":"","format":"standard","meta":{"footnotes":""},"categories":[1],"tags":[],"_links":{"self":[{"href":"http:\/\/zupnija-gomilsko.rkc.si\/journal\/wp-json\/wp\/v2\/posts\/8480"}],"collection":[{"href":"http:\/\/zupnija-gomilsko.rkc.si\/journal\/wp-json\/wp\/v2\/posts"}],"about":[{"href":"http:\/\/zupnija-gomilsko.rkc.si\/journal\/wp-json\/wp\/v2\/types\/post"}],"author":[{"embeddable":true,"href":"http:\/\/zupnija-gomilsko.rkc.si\/journal\/wp-json\/wp\/v2\/users\/1"}],"replies":[{"embeddable":true,"href":"http:\/\/zupnija-gomilsko.rkc.si\/journal\/wp-json\/wp\/v2\/comments?post=8480"}],"version-history":[{"count":1,"href":"http:\/\/zupnija-gomilsko.rkc.si\/journal\/wp-json\/wp\/v2\/posts\/8480\/revisions"}],"predecessor-version":[{"id":8481,"href":"http:\/\/zupnija-gomilsko.rkc.si\/journal\/wp-json\/wp\/v2\/posts\/8480\/revisions\/8481"}],"wp:attachment":[{"href":"http:\/\/zupnija-gomilsko.rkc.si\/journal\/wp-json\/wp\/v2\/media?parent=8480"}],"wp:term":[{"taxonomy":"category","embeddable":true,"href":"http:\/\/zupnija-gomilsko.rkc.si\/journal\/wp-json\/wp\/v2\/categories?post=8480"},{"taxonomy":"post_tag","embeddable":true,"href":"http:\/\/zupnija-gomilsko.rkc.si\/journal\/wp-json\/wp\/v2\/tags?post=8480"}],"curies":[{"name":"wp","href":"https:\/\/api.w.org\/{rel}","templated":true}]}}