
{"id":8492,"date":"2020-10-09T19:09:13","date_gmt":"2020-10-09T19:09:13","guid":{"rendered":"http:\/\/zupnija-gomilsko.rkc.si\/journal\/?p=8492"},"modified":"2020-09-28T15:57:56","modified_gmt":"2020-09-28T15:57:56","slug":"rencontre-militaire-fr-2","status":"publish","type":"post","link":"http:\/\/zupnija-gomilsko.rkc.si\/journal\/2020\/10\/09\/rencontre-militaire-fr-2\/","title":{"rendered":"Rencontre Militaire Fr"},"content":{"rendered":"<p>Si vous ne vous pr\u00e9sentez pas le jour de la JDC, aucun certificat de participation ne vous sera d\u00e9livr\u00e9. Toutes les actions du Gouvernement autour des th\u00e9matiques qui vous concernent : Ce v\u00e9hicule 4&#215;4 est destin\u00e9 \u00e0 assurer des liaisons au profit de 5 soldats ou 4 combattants \u00e9quip\u00e9s F\u00e9lin avec un jour de combat et musette. Non blind\u00e9, il est adapt\u00e9 aux op\u00e9rations ext\u00e9rieures en phase de stabilisation et de normalisation, et aux op\u00e9rations int\u00e9rieures comme Sentinelle. Comme au cycle 2, chaque \u00e9l\u00e8ve qui le souhaite doit pouvoir sengager chaque ann\u00e9e dans la r\u00e9alisation dun projet choral ambitieux et associant autant que possible dautres formes dexpression artistique. Cette possibilit\u00e9 lui permet, outre de trouver plaisir \u00e0 chanter dans un cadre collectif, de d\u00e9couvrir les exigences dun spectacle organis\u00e9 en fin dann\u00e9e scolaire. Associant des \u00e9l\u00e8ves issus des diff\u00e9rents niveaux du cycle, la chorale gagne \u00e0 r\u00e9unir \u00e9coliers et coll\u00e9giens, ces derniers m\u00eame au-del\u00e0 du cycle 3. Histoire des arts Rencontre Gabriel Attal-Minist\u00e8re de lEducation nationale-Paris Pour d\u00e9velopper ces comp\u00e9tences g\u00e9n\u00e9rales, l\u00e9ducation physique et sportive propose \u00e0 tous les \u00e9l\u00e8ves, de l\u00e9cole au coll\u00e8ge, un parcours de formation constitu\u00e9 de quatre champs dapprentissage compl\u00e9mentaires : Vous pouvez lire Le Monde sur un seul appareil \u00e0 la fois Continuer \u00e0 lire ici  Suivez toute lactualit\u00e9 du Temps sur les r\u00e9seaux sociaux Recevez du lundi au vendredi \u00e0 12h une s\u00e9lection toute fra\u00eeche \u00e0 lire ou \u00e0 \u00e9couter.  <img decoding=\"async\" src=\"http:\/\/www.terre-fraternite.fr\/wp-content\/uploads\/2013\/04\/2012TMTZ04_014_201-199x300.jpg\" alt=\"rencontre militaire fr\" align=\"center\">  Retrouvez notre article du weekend en ligne sur notre site internet! Pour cr\u00e9er des paragraphes, laissez simplement des lignes vides. EN DIRECT. Commission denqu\u00eate parlementaire, d\u00e9confinement, dons de cong\u00e9s, d\u00e9nonciation de Didier Raoult.. Lessentiel des infos du jour LHumanit\u00e9 <img decoding=\"async\" src=\"http:\/\/www.ienair.fr\/logos\/racamlogo.png\" alt=\"rencontre militaire fr\" align=\"left\"> Notre solidarit\u00e9 est notre plus grande richesse, notre grande famille a\u00e9ronautique est une belle famille, soyons fiers delle et soutenons-la. Lensemble des lyc\u00e9es rouvrent en zones vertes. Ils accueillent des \u00e9l\u00e8ves dau moins un niveau \u00e0 compter du 2 juin. Concernant les lyc\u00e9es g\u00e9n\u00e9raux et technologiques en zones oranges, ils rouvrent pour accueillir les \u00e9l\u00e8ves \u00e0 loccasion dun entretien individuel p\u00e9dagogique afin de leur apporter des r\u00e9ponses en mati\u00e8re dorientation. Dans les lyc\u00e9es professionnels, qui abritent plus de d\u00e9crochage selon le ministre de l\u00c9ducation nationale, les \u00e9l\u00e8ves de terminale et de CAP sont accueillis. Repr\u00e9sentation permanente de la France aupr\u00e8s de lUnion europ\u00e9enne Ces informations sont prot\u00e9g\u00e9es par des droits de propri\u00e9t\u00e9 intellectuelle d\u00e9tenus par OPTION FINANCE SAS, \u00e9diteur du service dinformations boursi\u00e8res en temps r\u00e9el AOF, et de ses contributeurs. <img decoding=\"async\" src=\"http:\/\/statique.lamarseillaise.fr\/media\/k2\/items\/cache\/ac552924d3edf4d4638e476c23ae313d_L.jpg\" alt=\"rencontre militaire fr\" align=\"left\"> A quoi ressemble la vie dune jeune fille de 17 ans? Ce lundi est lanc\u00e9 le S\u00e9gur de la sant\u00e9, une p\u00e9riode de 7 semaines de discussions cens\u00e9e aboutir \u00e0 des mesures pour renforcer notre syst\u00e8me de sant\u00e9. Le r\u00e9sum\u00e9 de la semaineFrance 24 vous propose de revenir sur les actualit\u00e9s qui ont marqu\u00e9 la semaine.<\/p>\n","protected":false},"excerpt":{"rendered":"<p>rencontre militaire fr<\/p>\n","protected":false},"author":1,"featured_media":0,"comment_status":"closed","ping_status":"closed","sticky":false,"template":"","format":"standard","meta":{"footnotes":""},"categories":[1],"tags":[],"_links":{"self":[{"href":"http:\/\/zupnija-gomilsko.rkc.si\/journal\/wp-json\/wp\/v2\/posts\/8492"}],"collection":[{"href":"http:\/\/zupnija-gomilsko.rkc.si\/journal\/wp-json\/wp\/v2\/posts"}],"about":[{"href":"http:\/\/zupnija-gomilsko.rkc.si\/journal\/wp-json\/wp\/v2\/types\/post"}],"author":[{"embeddable":true,"href":"http:\/\/zupnija-gomilsko.rkc.si\/journal\/wp-json\/wp\/v2\/users\/1"}],"replies":[{"embeddable":true,"href":"http:\/\/zupnija-gomilsko.rkc.si\/journal\/wp-json\/wp\/v2\/comments?post=8492"}],"version-history":[{"count":1,"href":"http:\/\/zupnija-gomilsko.rkc.si\/journal\/wp-json\/wp\/v2\/posts\/8492\/revisions"}],"predecessor-version":[{"id":8493,"href":"http:\/\/zupnija-gomilsko.rkc.si\/journal\/wp-json\/wp\/v2\/posts\/8492\/revisions\/8493"}],"wp:attachment":[{"href":"http:\/\/zupnija-gomilsko.rkc.si\/journal\/wp-json\/wp\/v2\/media?parent=8492"}],"wp:term":[{"taxonomy":"category","embeddable":true,"href":"http:\/\/zupnija-gomilsko.rkc.si\/journal\/wp-json\/wp\/v2\/categories?post=8492"},{"taxonomy":"post_tag","embeddable":true,"href":"http:\/\/zupnija-gomilsko.rkc.si\/journal\/wp-json\/wp\/v2\/tags?post=8492"}],"curies":[{"name":"wp","href":"https:\/\/api.w.org\/{rel}","templated":true}]}}