
{"id":8494,"date":"2020-10-09T09:51:34","date_gmt":"2020-10-09T09:51:34","guid":{"rendered":"http:\/\/zupnija-gomilsko.rkc.si\/journal\/?p=8494"},"modified":"2020-09-28T15:59:37","modified_gmt":"2020-09-28T15:59:37","slug":"rencontre-intergenerationnelle-en-creche-2","status":"publish","type":"post","link":"http:\/\/zupnija-gomilsko.rkc.si\/journal\/2020\/10\/09\/rencontre-intergenerationnelle-en-creche-2\/","title":{"rendered":"Rencontre Interg\u00e9n\u00e9rationnelle En Cr\u00e8che"},"content":{"rendered":"<p>Le concept interg\u00e9n\u00e9rationnel est consid\u00e9r\u00e9 depuis plusieurs ann\u00e9es comme source de rencontres et de partage entre toutes les g\u00e9n\u00e9rations. Il y a beaucoup de similitudes entre ces deux \u00e2ges comme par exemple limportance de favoriser le d\u00e9veloppement de lautonomie chez les jeunes enfants et le maintient de celle-ci pour les a\u00een\u00e9s De ce fait les deux g\u00e9n\u00e9rations semblent se comprendre delles-m\u00eames. Une telle d\u00e9marche pr\u00e9sente un tas davantages : les petits apportant \u00e9norm\u00e9ment aux seniors, et inversement. Le 17 avril 2016-Lautorit\u00e9 : Du leadership personnel au leadership collectif Une cat\u00e9ch\u00e8se biblique par le jeu et les symboles : une cat\u00e9ch\u00e8se.-Jacques Tremblay-Google Books Les r\u00e9sidentes ont le contact facile avec les enfants. \u00c7a me d\u00e9tend: quand on est arriv\u00e9es, ils \u00e9taient tous \u00e0 la porte en train dattendre quon ouvre, cest mignon raconte Simone. Jai beaucoup de patience. Un enfant, \u00e7a gesticule, \u00e7a sexprime \u00e0 sa fa\u00e7on, et moi je les comprends explique quant \u00e0 elle Jocelyne. <img decoding=\"async\" src=\"http:\/\/www.intergeneration.be\/upload\/photo_328_action_51.jpg\" alt=\"rencontre interg\u00e9n\u00e9rationnelle en cr\u00e8che\" align=\"center\"> Votre adresse de messagerie ne sera pas publi\u00e9e. Les champs obligatoires sont indiqu\u00e9s avec Ce dossier pourrait \u00e9galement vous int\u00e9resser Les relations interg\u00e9n\u00e9rationnelles Utiliser lassistance-encadrement pour d\u00e9velopper les relations interg\u00e9n\u00e9rationnelles Google Tag Manager Mention l\u00e9gale : Le contenu de cette fiche rel\u00e8ve de la seule responsabilit\u00e9 de lAgence Apriles et ne peut en aucun cas \u00eatre consid\u00e9r\u00e9 comme refl\u00e8tant la position des partenaires soutenant le projet Apriles. Je capitalise sur une s\u00e9rieuse exp\u00e9rience dans le secteur de la petite enfance en int\u00e9grant mes convictions profondes d\u00e9co-responsabilit\u00e9 et douverture, et ma volont\u00e9 de placer les \u00e9quipes au c\u0153ur du projet. Ce contact apporte de la joie et des souvenirs aux r\u00e9sidents.  Ag\u00e9e de 54 ans, Mich\u00e8le est responsable de la r\u00e9daction des actualit\u00e9s et dossiers sur le th\u00e8me de limmobilier et de lh\u00e9bergement pour seniors. Apr\u00e8s avoir travaill\u00e9 10 ans au sein dune maison de retraite, Mich\u00e8le souhaite, \u00e0 travers ses \u00e9crits, informer et guider les seniors vers une solution adapt\u00e9e \u00e0 leur profil et \u00e0 leurs besoins.  <img decoding=\"async\" src=\"http:\/\/3.bp.blogspot.com\/-XluYLbdVFE\/U3MPqhhkcHI\/AAAAAAAAAXs\/wZOfmZ6j0tw\/s1600\/IMG_5568+(2).JPG\" alt=\"rencontre interg\u00e9n\u00e9rationnelle en cr\u00e8che\" align=\"center\"> Des ehpad et des cr\u00e8ches ont fait le pari de mutualiser leurs raison d\u00eatre, pour apporter ce petit quelque chose en plus \u00e0 leurs r\u00e9sidents, quils soient enfants ou personnes \u00e2g\u00e9es. Tr\u00e8s vite, les enfants pourront avoir des \u00e9changes avec les personnes \u00e2g\u00e9es, qui r\u00e9sident \u00e0 lEHPAD. Ce nest que le d\u00e9but, mais Jean-Christian Weiss et Charles-Henry Chrysostome ne manquent pas de projets pour cr\u00e9er du lien entre les deux structures. <img decoding=\"async\" src=\"http:\/\/mat-marsannay-la-cote-colnet-21.ec.ac-dijon.fr\/wp-content\/uploads\/sites\/159\/DSCN1653.jpg\" alt=\"rencontre interg\u00e9n\u00e9rationnelle en cr\u00e8che\" align=\"right\"> Depuis 2013 des rencontres mensuelles interg\u00e9n\u00e9rationnelles entre les r\u00e9sidents de Labastide et les enfants du relais Assistants maternels La Ronde des Doudous ainsi que la micro-cr\u00e8che de Jarret Eths Maynats ont lieu \u00e0 lEhpad de Labastide. Il y a de plus en plus darri\u00e8re-grands-parents et il commence \u00e0 y avoir un nombre non n\u00e9gligeable de familles o\u00f9 cinq g\u00e9n\u00e9rations successives sont en vie. Le corollaire de cette situation est que lorganisation traditionnelle de la vie en trois \u00e9tapes bien distincte : \u00e9ducation formation, activit\u00e9 retraite est de moins en moins adapt\u00e9e \u00e0 la r\u00e9alit\u00e9. Au bout de dix minutes de lecture, les sucettes commencent \u00e0 sagiter. Un livre fini, certains se rapprochent pour tenter de le saisir. Les regards et les sourires s\u00e9changent alors. Chaque activit\u00e9 en commun dure environ 45 minutes.  Depuis le 20 novembre 2016, suite \u00e0 la loi du 18 novembre.. Envoyer \u00e0 ladresse e-mail Votre nom Votre adresse e-mail Les livres ont \u00e9t\u00e9 dispos\u00e9s un peu partout dans lespace. Quelques enfants sont intimid\u00e9s et un peu r\u00e9sistants tout comme les adultes mais cela na pas dur\u00e9 longtemps. Chacune propose \u00e0 un enfant de lui lire une histoire, chanter une contine en langue arabe Tunisie. Avec Tandem Tagesbetreuung f\u00fcr Kinder und Senioren, sest ouvert, en 2013 \u00e0 B\u00fclach, le premier foyer de jour op\u00e9rant sur le mod\u00e8le int\u00e9gratif en Suisse. Il accueille des enfants d\u00e8s 3 mois et des seniors; les deux groupes d\u00e2ge sont encadr\u00e9s ensemble durant toute la journ\u00e9e, partageant ainsi leur quotidien. Linitiatrice, Ruth Sarasin, est pr\u00e9sidente du comit\u00e9 de direction de Tandem Tagesbetreuung. Elle explique que ce sont ses propres exp\u00e9riences professionnelles r\u00e9alis\u00e9es avec les deux groupes d\u00e2ge qui lont conduite \u00e0 vouloir transposer son constat, \u00e0 savoir que ces deux groupes partagent des besoins et int\u00e9r\u00eats communs, en cr\u00e9ant un mod\u00e8le dencadrement int\u00e9gratif. Mardi 07 mai 2013 5\u00e8me rencontre au Foyer Logement de Tarbes de 11h \u00e0 12h30 Laccueil se fait uniquement sur 5 jours par semaine non fractionnable. Pour plus dinformations sur le programme des animations du Ch\u00e2teau, cliquez ici :.<\/p>\n","protected":false},"excerpt":{"rendered":"<p>rencontre interg\u00e9n\u00e9rationnelle en cr\u00e8che<\/p>\n","protected":false},"author":1,"featured_media":0,"comment_status":"closed","ping_status":"closed","sticky":false,"template":"","format":"standard","meta":{"footnotes":""},"categories":[1],"tags":[],"_links":{"self":[{"href":"http:\/\/zupnija-gomilsko.rkc.si\/journal\/wp-json\/wp\/v2\/posts\/8494"}],"collection":[{"href":"http:\/\/zupnija-gomilsko.rkc.si\/journal\/wp-json\/wp\/v2\/posts"}],"about":[{"href":"http:\/\/zupnija-gomilsko.rkc.si\/journal\/wp-json\/wp\/v2\/types\/post"}],"author":[{"embeddable":true,"href":"http:\/\/zupnija-gomilsko.rkc.si\/journal\/wp-json\/wp\/v2\/users\/1"}],"replies":[{"embeddable":true,"href":"http:\/\/zupnija-gomilsko.rkc.si\/journal\/wp-json\/wp\/v2\/comments?post=8494"}],"version-history":[{"count":1,"href":"http:\/\/zupnija-gomilsko.rkc.si\/journal\/wp-json\/wp\/v2\/posts\/8494\/revisions"}],"predecessor-version":[{"id":8495,"href":"http:\/\/zupnija-gomilsko.rkc.si\/journal\/wp-json\/wp\/v2\/posts\/8494\/revisions\/8495"}],"wp:attachment":[{"href":"http:\/\/zupnija-gomilsko.rkc.si\/journal\/wp-json\/wp\/v2\/media?parent=8494"}],"wp:term":[{"taxonomy":"category","embeddable":true,"href":"http:\/\/zupnija-gomilsko.rkc.si\/journal\/wp-json\/wp\/v2\/categories?post=8494"},{"taxonomy":"post_tag","embeddable":true,"href":"http:\/\/zupnija-gomilsko.rkc.si\/journal\/wp-json\/wp\/v2\/tags?post=8494"}],"curies":[{"name":"wp","href":"https:\/\/api.w.org\/{rel}","templated":true}]}}