
{"id":8508,"date":"2020-10-09T17:50:06","date_gmt":"2020-10-09T17:50:06","guid":{"rendered":"http:\/\/zupnija-gomilsko.rkc.si\/journal\/?p=8508"},"modified":"2020-09-28T16:27:10","modified_gmt":"2020-09-28T16:27:10","slug":"je-suis-la-rencontre-entre-le-terrestre-et-le-divin-2","status":"publish","type":"post","link":"http:\/\/zupnija-gomilsko.rkc.si\/journal\/2020\/10\/09\/je-suis-la-rencontre-entre-le-terrestre-et-le-divin-2\/","title":{"rendered":"Je Suis La Rencontre Entre Le Terrestre Et Le Divin"},"content":{"rendered":"<p>Compte sur Dieu, ton Seigneur et le Seigneur de tes p\u00e8res. Car les hommes s\u00e9garent dans les sentiers de lillusion, priv\u00e9s de discernement et incapables de voir Dieu de leurs propres yeux ou dentendre Sa m\u00e9lodie par leurs propres oreilles. Le mot hawaiien akua sappliquait \u00e0 la fois aux dieux les entit\u00e9s du monde hawaiien qui nous paraissent correspondre \u00e0 lid\u00e9e de divinit\u00e9, \u00e0 toute entit\u00e9 surnaturelle, \u00e0 tout objet cultuel, mais aussi \u00e0 tout objet \u00e9trange et effrayant, comme les divers instruments des premiers voyageurs Sahlins 1995 : 173. On note la m\u00eame chose dans toute la Polyn\u00e9sie. Bref aucune des formes divines n est tout le dieu. <img decoding=\"async\" src=\"http:\/\/www.mauricezundel.com\/wp-content\/uploads\/2018\/03\/logo_retina-2.png\" alt=\"je suis la rencontre entre le terrestre et le divin\" align=\"left\"> <img decoding=\"async\" src=\"http:\/\/www.biblio-arcadia.fr\/images\/images-texte-decembre2017\/10A-DANTE-LA-DIVINE-COMEDIE-ALEXANDRE-MASSERON.jpg\" alt=\"je suis la rencontre entre le terrestre et le divin\" align=\"center\"> Chapitre: II. Au seuil du royaume de dieu: Bonheur et puissance acc\u00e9der \u00e0 la vie \u00e9ternelle et la conserver, il faut : Wikipedia est une marque d\u00e9pos\u00e9e de la, organisation de bienfaisance r\u00e9gie par le paragraphe du code fiscal des \u00c9tats-Unis. Lanniversaire de J\u00fcrgen Moltmann c\u00e9l\u00e9br\u00e9 en Chine Un premier point, qui nest pas au coeur du d\u00e9bat, est que selon vous Dieu a du payer le prix fort pour le salut de sa cr\u00e9ation. Ce terme me para\u00eet tout \u00e0 fait exag\u00e9r\u00e9, dune part parce que le supplice inflig\u00e9 \u00e0 lhomme J\u00e9sus me semble h\u00e9las relativement banal compar\u00e9 \u00e0 la multitude de moyens de torture et de mise \u00e0 mort inflig\u00e9s \u00e0 des humains au cours des si\u00e8cles ; et exag\u00e9r\u00e9 surtout parce que cette \u00e9preuve a n\u00e9cessairement \u00e9t\u00e9, pour un Dieu omniscient et omnipotent, choisie et planifi\u00e9e depuis lorigine des temps, puis mise en sc\u00e8ne et auto-inflig\u00e9e, ce qui la rend \u00e0 mes yeux tout \u00e0 fait artificielle et factice. Rejet et de n\u00e9gation de lautre causera encore plus de douleur, \u00e9tant donn\u00e9 quelle est tout \u00e0 fait consciente de la situation. Si lune des deux \u00e2mes jumelles rompt d\u00e9lib\u00e9r\u00e9ment la relation Par cons\u00e9quent, il ne faut jamais sacrifier le spirituel aux choses mat\u00e9rielles, on doit alors sint\u00e9resser aux deux.  Un proverbe de chez nous affirme : dis-moi comment tu pries et je te dirai comment tu vis, dis-moi comment tu vis et je te dirai comment tu pries ; car en me montrant comment tu pries, je pourrai d\u00e9couvrir le Dieu que tu vis et en me montrant comment tu vis, je pourrai croire au Dieu que tu pries. En effet, notre vie parle de la pri\u00e8re et la pri\u00e8re parle de notre vie. En priant, on apprend \u00e0 prier, comme nous apprenons \u00e0 marcher, \u00e0 parler, \u00e0 \u00e9couter. L\u00e9cole de la pri\u00e8re est l\u00e9cole de la vie et cest \u00e0 l\u00e9cole de la vie que nous fr\u00e9quentons l\u00e9cole de la pri\u00e8re. <img decoding=\"async\" src=\"http:\/\/www.ledifice.net\/7177-2-1.jpg\" alt=\"je suis la rencontre entre le terrestre et le divin\" align=\"center\"> I I I I I I I I I I I I I Espaces : I I I I I I I I I I I I I I Sp\u00e9cialistes : I I I I I I I I I I I I I I I I.  En phase avec telle ou telle image, notre regard sy arr\u00eate et nous admirons. Cest le temps de ladmiration. Cest le temps du regard. Il faut donc tenter une approche la plus objective possible de ce ph\u00e9nom\u00e8ne. La question nest pas loptimisme ou le pessimisme, mais bien une juste \u00e9valuation de la place prise par la parole dans les soci\u00e9t\u00e9s modernes.. Toute \u00e9valuation, dans le domaine social, est souvent une question d\u00e9chelle. Le point de vue optimiste se r\u00e9v\u00e8le pertinent si lon place lobservation sur une \u00e9chelle temporelle large : on a assist\u00e9 \u00e0 un d\u00e9placement du statut de la parole par exemple, en France, de la fin du Moyen \u00c2ge \u00e0 l\u00e9poque contemporaine qui lui conf\u00e8re une position de plus en plus centrale et qui contribue largement, entre autres, au progr\u00e8s des m\u0153urs et de la civilit\u00e9. Cependant, ne doit pas aller plus loin dans lanalyse du catastrophisme. Comme le complotisme, cet \u00e9tat desprit nest-il pas li\u00e9 \u00e0 une agressivit\u00e9 qui se d\u00e9ploie \u00e0 la fois contre soi-m\u00eame et contre les autres? Et ne t\u00e9moigne-t-il pas dune absence desp\u00e9rance personnelle et collective? Comme l\u00e9crit le th\u00e9ologien J\u00fcrgen Moltmann, agir positivement d\u00e9pend de notre degr\u00e9 desp\u00e9rance : Nous devenons actif pour autant que nous esp\u00e9rions. Nous esp\u00e9rons pour autant que nous puissions entrevoir des possibilit\u00e9 futures. Nous entreprenons ce que nous pensons possible. Si une \u00e9thique de la crainte nous rend conscient des crises, une \u00e9thique de lesp\u00e9rance per\u00e7oit les chances dans les crises. Pour les chr\u00e9tiens, lesp\u00e9rance est fond\u00e9e sur la r\u00e9surrection du Christ et souvre \u00e0 une vie \u00e0 la lumi\u00e8re du nouveau monde suscit\u00e9 par Dieu 7. Ainsi, quelque soit notre cheminement, notre comportement d\u00e9pend de notre vision du monde. En ce sens, Jacques Lecomte ne se limite pas \u00e0 nous offrir des donn\u00e9es positives concernant la situation du monde \u00e0 m\u00eame de nous encourager, il conclut son livre par la vision d une grande r\u00e9conciliation. Une soci\u00e9t\u00e9 plus fraternelle et conviviale est possible 5, d\u00e8s lors que lon y croit et que lon sengage \u00e0 la faire advenir p 197. Parce quil faut conna\u00eetre un peu les \u00e9l\u00e9ments de la foi dont on parle dans science et foi, pour \u00e9viter de parler trop dans le vent. \u00d4 Croix du Christ, nous te voyons encore aujourdhui dans les bienheureux et dans les saints qui savent traverser lobscurit\u00e9 de la nuit de la foi sans perdre la confiance en toi et sans pr\u00e9tendre comprendre ton silence myst\u00e9rieux.  le num\u00e9ro 7 : Si J\u00e9sus est Dieu, pourquoi est-il assis \u00e0 la droite de Dieu? les actions des hommes, corrigera ces maux par un acte de sa volont\u00e9 et de sa bont\u00e9 divine ; pour mettre un terme \u00e0 lerreur et \u00e0 la corruption g\u00e9n\u00e9rale, il noiera le monde dans un d\u00e9luge, ou le consumera par le feu, ou le d\u00e9truira par des guerres et des \u00e9pid\u00e9mies, et il rendra au monde sa beaut\u00e9 premi\u00e8re, afin que le monde semble encore digne d\u00eatre admir\u00e9 et ador\u00e9, et quun concert de louanges et de b\u00e9n\u00e9dictions c\u00e9l\u00e8bre encore le Dieu qui a cr\u00e9\u00e9 et restaur\u00e9 un si bel ouvrage. Cette renaissance du monde, ce r\u00e9tablissement de toutes les bonnes choses, cette restitution sainte et religieuse de la nature aura lieu apr\u00e8s le temps fix\u00e9 par la volont\u00e9 divine et partout \u00e9ternelle, sans commencement et toujours la m\u00eame. Aux noms d\u00e9signant en propre les dieux, les h\u00e9ros, les monstres de la mythologie :.<\/p>\n","protected":false},"excerpt":{"rendered":"<p>je suis la rencontre entre le terrestre et le divin<\/p>\n","protected":false},"author":1,"featured_media":0,"comment_status":"closed","ping_status":"closed","sticky":false,"template":"","format":"standard","meta":{"footnotes":""},"categories":[1],"tags":[],"_links":{"self":[{"href":"http:\/\/zupnija-gomilsko.rkc.si\/journal\/wp-json\/wp\/v2\/posts\/8508"}],"collection":[{"href":"http:\/\/zupnija-gomilsko.rkc.si\/journal\/wp-json\/wp\/v2\/posts"}],"about":[{"href":"http:\/\/zupnija-gomilsko.rkc.si\/journal\/wp-json\/wp\/v2\/types\/post"}],"author":[{"embeddable":true,"href":"http:\/\/zupnija-gomilsko.rkc.si\/journal\/wp-json\/wp\/v2\/users\/1"}],"replies":[{"embeddable":true,"href":"http:\/\/zupnija-gomilsko.rkc.si\/journal\/wp-json\/wp\/v2\/comments?post=8508"}],"version-history":[{"count":1,"href":"http:\/\/zupnija-gomilsko.rkc.si\/journal\/wp-json\/wp\/v2\/posts\/8508\/revisions"}],"predecessor-version":[{"id":8509,"href":"http:\/\/zupnija-gomilsko.rkc.si\/journal\/wp-json\/wp\/v2\/posts\/8508\/revisions\/8509"}],"wp:attachment":[{"href":"http:\/\/zupnija-gomilsko.rkc.si\/journal\/wp-json\/wp\/v2\/media?parent=8508"}],"wp:term":[{"taxonomy":"category","embeddable":true,"href":"http:\/\/zupnija-gomilsko.rkc.si\/journal\/wp-json\/wp\/v2\/categories?post=8508"},{"taxonomy":"post_tag","embeddable":true,"href":"http:\/\/zupnija-gomilsko.rkc.si\/journal\/wp-json\/wp\/v2\/tags?post=8508"}],"curies":[{"name":"wp","href":"https:\/\/api.w.org\/{rel}","templated":true}]}}