
{"id":8542,"date":"2020-10-09T14:55:01","date_gmt":"2020-10-09T14:55:01","guid":{"rendered":"http:\/\/zupnija-gomilsko.rkc.si\/journal\/?p=8542"},"modified":"2020-09-28T17:19:02","modified_gmt":"2020-09-28T17:19:02","slug":"rencontre-avec-dounia-coesens-2","status":"publish","type":"post","link":"http:\/\/zupnija-gomilsko.rkc.si\/journal\/2020\/10\/09\/rencontre-avec-dounia-coesens-2\/","title":{"rendered":"Rencontre Avec Dounia Coesens"},"content":{"rendered":"<p>Vous avez d\u00e9j\u00e0 ajout\u00e9 cet article dans votre liste de lecture.  le meilleur de la t\u00e9l\u00e9! en vous inscrivant \u00e0 la newsletter T\u00e9l\u00e9 7 Jours! Dounia Coesens est entr\u00e9e dans les foyers fran\u00e7ais par linterm\u00e9diaire de la s\u00e9rie Plus belle la vie. <img decoding=\"async\" src=\"http:\/\/cdn1-public.ladmedia.fr\/var\/public\/storage\/images\/news\/photos\/photos-dounia-coesens-et-lea-francois-retournent-a-l-ecole-pour-la-dictee-ela-599352\/najat-vallaud-belkacem-599390\/7461566-1-fre-FR\/Najat-Vallaud-Belkacem_portrait_w674.jpg\" alt=\"rencontre avec dounia coesens\" align=\"left\"> MEURTRES A LA ROCHELLE TELEFILM DE \u00c9TIENNE DHAENE AVEC DOUNIA COESENS, PHILIPPE CAROIT <img decoding=\"async\" src=\"http:\/\/static1.plusbellelavie.fr\/articles\/4\/49\/4\/@\/16800-blanche-va-rencontrer-ulysse-600x315-1.png\" alt=\"rencontre avec dounia coesens\" align=\"right\"> Cr\u00e9dit photographique pour toutes les images de ce site sauf indication : iStockphoto. C\u00e9cilia Hornus Blanche : Les t\u00e9l\u00e9spectateurs pourront appr\u00e9cier deux histoires sur ce prime. Une partie com\u00e9die-dont nous ne faisons pas partie Dounia et moi-et une partie concernant la r\u00e9solution de lintrigue de lEnchanteur, mon mari dans la s\u00e9rie. Zazou-none Comment author 524717 on Camping Paradis 2019 Retour vers le futur : Dounia Coesens et Matthias Van Khache by Nouveaut\u00e9s-T\u00e9l\u00e9.com : Le rdv de lactualit\u00e9 TV et M\u00e9dias chaque jour Foire exposition de Courtillers, bain de foule pour Johanna Anne-Elisabeth Lemoine, Roselyne Bachelot et Bernard Pivot dans l\u00e9mission C \u00e0 Vous sur France 5. Le 15 mai 2020.  En 2018, elle re\u00e7oit le prix du festival Oniros en tant que meilleure actrice dans le court-m\u00e9trage Les \u00e2mes s\u0153urs de Marion Filloque. Elle porte toujours les m\u00eames v\u00eatements, et jai limpression quils sont vraiment \u00e0 elle, \u00e0 voir son instagram. Lors de son dernier retour elle est rest\u00e9 pratiquement 3 mois et portait aussi toujours les 34 m\u00eames trucs, mais il y en avait un peu plus que l\u00e0 jai limpression. Quand elle \u00e9tait dans la s\u00e9rie, elle changeait de fringues \u00e0 chaque \u00e9pisodes, il y avait quelques trucs qui revenaient mais globalement \u00e7\u00e0 changeait beaucoup et quand elle \u00e9tait ado elle portait un t-shirt diff\u00e9rent \u00e0 chaque \u00e9pisode elle devait pourtant pas \u00eatre riche quand elle \u00e9tait au lyc\u00e9e pour sen payer autant. Jai limpression quils ont arr\u00eat\u00e9s les changements de v\u00eatements \u00e0 outrance par rapport aux premi\u00e8res saisons. You are on Twitter Mobile because you are using an old version of Internet Explorer. Learn more Dounia Coesens Plus belle la vie veut \u00e9pouser son compagnon L\u00e9quipe obtient doffice 3 minutes pour la Salle du Tr\u00e9sor. Le temps gagn\u00e9 ou perdu \u00e0 chaque duel correspond \u00e0 la mise que le candidat a choisi au pr\u00e9alable. Lundi 3 juin, TF1 propose un nouvel \u00e9pisode de avec en guest. Intitul\u00e9 Cette ann\u00e9e-l\u00e0, cet \u00e9pisode est loccasion de remonter dans le temps, \u00e0 l\u00e9poque o\u00f9 le camping \u00e9tait tenu par Patrick le p\u00e8re de Tom Si Cannes est le rendez-vous des stars du cin\u00e9ma fran\u00e7ais et international, on y croise aussi les vedettes du petit \u00e9cran. De passage au showroom du styliste Christophe Guillarm\u00e9, nous avons retrouv\u00e9 deux des acteurs principaux de la s\u00e9rie Plus belle la vie, venus faire quelques emplettes. Dounia Coesens et Ambroise Michel en plein shopping nous ont accord\u00e9 quelques minutes avant leur mont\u00e9e des marches pr\u00e9vue ce mercredi 18 mai. Les interpr\u00e8tes de Joana et Rudy doivent en effet se rendre \u00e0 la projection du film pol\u00e9mique La conqu\u00eate. Ils ont livr\u00e9 sur leurs impressions sur le 64\u00e8me festival. Its that heart of gold and stardust soul that makes you beautiful https:t.coxKozLBrCPI D\u00e9tails <img decoding=\"async\" src=\"http:\/\/www.nalijns.cf\/photos\/photo_6394.jpg\" alt=\"rencontre avec dounia coesens\" align=\"left\"> Les m\u00e9dias utilis\u00e9s sur ce site appartiennent \u00e0 Telfrance, France 3 et \u00e0 leurs auteurs.  Retrouvez toute lactu t\u00e9l\u00e9, les audiences et ce qui buzz avec T\u00e9l\u00e9 2 Semaines Vos commentaires sur Dounia Coesens dans Camping Paradis Instagram douniacoesens.<\/p>\n","protected":false},"excerpt":{"rendered":"<p>rencontre avec dounia coesens<\/p>\n","protected":false},"author":1,"featured_media":0,"comment_status":"closed","ping_status":"closed","sticky":false,"template":"","format":"standard","meta":{"footnotes":""},"categories":[1],"tags":[],"_links":{"self":[{"href":"http:\/\/zupnija-gomilsko.rkc.si\/journal\/wp-json\/wp\/v2\/posts\/8542"}],"collection":[{"href":"http:\/\/zupnija-gomilsko.rkc.si\/journal\/wp-json\/wp\/v2\/posts"}],"about":[{"href":"http:\/\/zupnija-gomilsko.rkc.si\/journal\/wp-json\/wp\/v2\/types\/post"}],"author":[{"embeddable":true,"href":"http:\/\/zupnija-gomilsko.rkc.si\/journal\/wp-json\/wp\/v2\/users\/1"}],"replies":[{"embeddable":true,"href":"http:\/\/zupnija-gomilsko.rkc.si\/journal\/wp-json\/wp\/v2\/comments?post=8542"}],"version-history":[{"count":1,"href":"http:\/\/zupnija-gomilsko.rkc.si\/journal\/wp-json\/wp\/v2\/posts\/8542\/revisions"}],"predecessor-version":[{"id":8543,"href":"http:\/\/zupnija-gomilsko.rkc.si\/journal\/wp-json\/wp\/v2\/posts\/8542\/revisions\/8543"}],"wp:attachment":[{"href":"http:\/\/zupnija-gomilsko.rkc.si\/journal\/wp-json\/wp\/v2\/media?parent=8542"}],"wp:term":[{"taxonomy":"category","embeddable":true,"href":"http:\/\/zupnija-gomilsko.rkc.si\/journal\/wp-json\/wp\/v2\/categories?post=8542"},{"taxonomy":"post_tag","embeddable":true,"href":"http:\/\/zupnija-gomilsko.rkc.si\/journal\/wp-json\/wp\/v2\/tags?post=8542"}],"curies":[{"name":"wp","href":"https:\/\/api.w.org\/{rel}","templated":true}]}}