
{"id":8584,"date":"2020-10-09T12:48:24","date_gmt":"2020-10-09T12:48:24","guid":{"rendered":"http:\/\/zupnija-gomilsko.rkc.si\/journal\/?p=8584"},"modified":"2020-09-28T18:20:51","modified_gmt":"2020-09-28T18:20:51","slug":"rencontres-arles-affiche-2","status":"publish","type":"post","link":"http:\/\/zupnija-gomilsko.rkc.si\/journal\/2020\/10\/09\/rencontres-arles-affiche-2\/","title":{"rendered":"Rencontres Arles Affiche"},"content":{"rendered":"<p>Un travail \u00e9difiant! A Las Vegas viennent s\u00e9chouer les pauvres, \u00e0 Macao les riches sennuient derri\u00e8re une forteresse. Christian Lutz redessine la carte g\u00e9opolitique du monde o\u00f9 se trouve le pouvoir et la richesse aujourdhui.Cest un peu : il \u00e9tait une fois lAm\u00e9rique et il est une fois la Chine. Yasmine Youssi Ce qui est en cause cest surtout la construction bancale de lexposition, sa sc\u00e9nographie inexistante et son accrochage largement acad\u00e9mique et sans surprise. En d\u00e9ambulant dans les salles du Palais de lArchev\u00each\u00e9, on est tr\u00e8s loin de ressentir lagitation, leffervescence cr\u00e9atrice et lexpression de libert\u00e9 de ces ann\u00e9es de La Movida. Prix D\u00e9couverte : La D\u00e9fense, le regard qui sessaye de Galerie Les filles du calvaire, Paris, France   Pour l\u00e9dition 2011 des Rencontres dArles, le Mexique est \u00e0 lhonneur malgr\u00e9 la toile de fond des pol\u00e9miques autour de lann\u00e9e du Mexique en France, entach\u00e9e par le diff\u00e9rend franco-mexicain sur le sort de Florence Cassez, condamn\u00e9e par la justice mexicaine \u00e0 60 ans de prison pour enl\u00e8vements et port darmes. Lucien Clergue se f\u00e9licite que la partie mexicaine du programme du festival ait pu malgr\u00e9 tout \u00eatre maintenue. Hispanophone aguerri, il entretient un rapport particulier avec ce pays. Il a ainsi eu pour \u00e9l\u00e8ve dit-il avec humour, en 1975, un Mexicain du nom de Pedro Meyer, depuis devenu pr\u00e9sident-fondateur du Conseil mexicain de la photographie et surtout un photographe de renomm\u00e9e mondiale, r\u00e9compens\u00e9 en 1987 du prestigieux Guggenheim grant. Pedro Meyer a aussi organis\u00e9 les trois premiers colloques de photographie \u00e0 l\u00e9chelle de lAm\u00e9rique latine tout enti\u00e8re. Voil\u00e0 pourquoi on peut dire, selon Clergue, que les Rencontres dArles ont permis \u00e0 un continent de trouver son identit\u00e9 photographique. Toutes les trois ont marqu\u00e9 lhistoire de la photographie et sont \u00e0 lhonneur \u00e0 Arles parmi un nombre in\u00e9dit de femmes photographes expos\u00e9es cette ann\u00e9e. Tule paikan p\u00e4\u00e4lle tutustumaan laajaan valikoimaan huonekaluja, lamppuja, mattoja ja s\u00e4ilytysratkaisuja. <img decoding=\"async\" src=\"http:\/\/www.arles-info.fr\/wp-content\/uploads\/2014\/01\/Affiche-rencontre-B-Tavernier_HD-353x500.jpg\" alt=\"rencontres arles affiche\" align=\"right\"> Et cest Gregor Sailer qui attire notre attention avec son Village Potemkine. Ce nom fait directement r\u00e9f\u00e9rence au village visit\u00e9 par limp\u00e9ratrice Catherine II de Russie en Crim\u00e9e en 1787. Le prince Grigory Aleksandrovich Potemkine a r\u00e9am\u00e9nag\u00e9 sp\u00e9cialement pour la venue de limp\u00e9ratrice un village mis\u00e9reux pour ne pas lui montrer la pauvret\u00e9 de lendroit. Un lieu devenu propre et beau pour quelques heures, jusqu\u00e0 tant que le carton factice ne finisse lui aussi par pourrir. La Fran\u00e7aise Laure Tiberghien a s\u00e9duit par ses images abstraites produites sans appareil photo et en chambre noire qui rappellent les peintures de Mark Rothko. Sa palette de couleur : la chimie, la lumi\u00e8re et le temps. Le prix du public a \u00e9t\u00e9 d\u00e9cern\u00e9 \u00e0 Alys Tomlinson, britannique fascin\u00e9e par la foi et l\u00e9trange photog\u00e9nie dune nonne catholique orthodoxe Vera. Ses photos et son film en noir et blanc nous plongent dans une \u00e9tonnante approche de la vie spirituelle aux airs de fiction cin\u00e9matographique. \u00c8ve Arnold, Abigail Heyman et Susan Meiselas-Unretouched women <img decoding=\"async\" src=\"http:\/\/www.mlle-pitch.com\/wp-content\/uploads\/2017\/11\/worshop-affiche-les-rencontres-d-arles.jpg\" alt=\"rencontres arles affiche\" align=\"left\"> Retrouvez toutes les Actualit\u00e9s fran\u00e7aises de 1940 \u00e0 19.. Un tir\u00e9 \u00e0 part rassemblant toutes les affiches des 50 ans de festival \u00e9tait joint au catalogue du programme des expositions de la 50 e \u00e9dition co\u00e9dit\u00e9 avec les \u00e9ditions Actes Sud. X Fermer la modale de partage dencart. Partage dencart Ces trois journ\u00e9es se sont articul\u00e9es autour dune rencontre avec une commissaire dexposition, une table ronde, des exp\u00e9rimentations, des partages dexp\u00e9riences et des visites dexpositions.  La Cor\u00e9e du Nord, vue par St\u00e9phane Gladieu. Cr\u00e9dits: St\u00e9phane Gladieu, Rencontres dArles 2020. <img decoding=\"async\" src=\"http:\/\/www.efap-etudiants.org\/wp-content\/uploads\/2017\/04\/Rencontres-Arles-Espace-Van-Gogh-1024x768.jpg\" alt=\"rencontres arles affiche\" align=\"center\"> Forfait toutes expositions : En juillet et ao\u00fbt, 35 euros en ligne 42 euros sur place tarif r\u00e9duit 27 euros 34 euros, en septembre, 29 euros en ligne 36 euros sur place tarif r\u00e9duit 24 euros 31 euros. Inspir\u00e9 par la t\u00eate daffiche de cette ann\u00e9e, je me propose donc de broutiller \u00e7\u00e0 et l\u00e0 dans lannonce du programme de cette ann\u00e9e et de ruminer quelques pens\u00e9es aliment\u00e9es par 22 ans de pratique des Rencontres. H\u00e9 oui, d\u00e9j\u00e0!<\/p>\n","protected":false},"excerpt":{"rendered":"<p>rencontres arles affiche<\/p>\n","protected":false},"author":1,"featured_media":0,"comment_status":"closed","ping_status":"closed","sticky":false,"template":"","format":"standard","meta":{"footnotes":""},"categories":[1],"tags":[],"_links":{"self":[{"href":"http:\/\/zupnija-gomilsko.rkc.si\/journal\/wp-json\/wp\/v2\/posts\/8584"}],"collection":[{"href":"http:\/\/zupnija-gomilsko.rkc.si\/journal\/wp-json\/wp\/v2\/posts"}],"about":[{"href":"http:\/\/zupnija-gomilsko.rkc.si\/journal\/wp-json\/wp\/v2\/types\/post"}],"author":[{"embeddable":true,"href":"http:\/\/zupnija-gomilsko.rkc.si\/journal\/wp-json\/wp\/v2\/users\/1"}],"replies":[{"embeddable":true,"href":"http:\/\/zupnija-gomilsko.rkc.si\/journal\/wp-json\/wp\/v2\/comments?post=8584"}],"version-history":[{"count":1,"href":"http:\/\/zupnija-gomilsko.rkc.si\/journal\/wp-json\/wp\/v2\/posts\/8584\/revisions"}],"predecessor-version":[{"id":8585,"href":"http:\/\/zupnija-gomilsko.rkc.si\/journal\/wp-json\/wp\/v2\/posts\/8584\/revisions\/8585"}],"wp:attachment":[{"href":"http:\/\/zupnija-gomilsko.rkc.si\/journal\/wp-json\/wp\/v2\/media?parent=8584"}],"wp:term":[{"taxonomy":"category","embeddable":true,"href":"http:\/\/zupnija-gomilsko.rkc.si\/journal\/wp-json\/wp\/v2\/categories?post=8584"},{"taxonomy":"post_tag","embeddable":true,"href":"http:\/\/zupnija-gomilsko.rkc.si\/journal\/wp-json\/wp\/v2\/tags?post=8584"}],"curies":[{"name":"wp","href":"https:\/\/api.w.org\/{rel}","templated":true}]}}