
{"id":8604,"date":"2020-10-09T14:33:11","date_gmt":"2020-10-09T14:33:11","guid":{"rendered":"http:\/\/zupnija-gomilsko.rkc.si\/journal\/?p=8604"},"modified":"2020-09-28T18:45:24","modified_gmt":"2020-09-28T18:45:24","slug":"femme-lhay-les-roses-3","status":"publish","type":"post","link":"http:\/\/zupnija-gomilsko.rkc.si\/journal\/2020\/10\/09\/femme-lhay-les-roses-3\/","title":{"rendered":"Femme Lhay Les Roses"},"content":{"rendered":"<p>Quels sont les actes m\u00e9dicaux r\u00e9alis\u00e9s par ESTELLE DELACOURT, sage-femme? Consultez les coordonn\u00e9es de Madame Estelle DELACOURT, Sage Femme \u00e0 L hay les roses au 29 rue de l orme sec et prenez RDV rapidement.  Je suis disponible aussi bien la semaine que le weekend et tout horaire de travail me.. Span-Quelle est ma longueur de cheveux?spanbrbrspan Cheveux courts Au-dessus du mentonspanbrspan Cheveux mi-longs Au-dessus des \u00e9paulesspanbrspan Cheveux longs Au-dessus des omoplatesspanbrspan Cheveux tr\u00e8s longs En dessous des omoplatesspanbrbrspanSi vous avez les cheveux tr\u00e8s fris\u00e9s ou \u00e9paisspanspan, merci de choisir une longueur de cheveux sup\u00e9rieure \u00e0 la v\u00f4tre ou cheveux tr\u00e8s longs si cette longueur est disponible dans votre forfait.spanbrspanEn effet, les forfaits sont calcul\u00e9s en fonction de la quantit\u00e9 de produit ainsi quen fonction du temps pass\u00e9 \u00e0 la r\u00e9alisation de votre demande.spanbrspanSi, lors de votre rendez-vous, vous avez s\u00e9lectionn\u00e9 la mauvaise longueur ou que votre \u00e9paisseur est trop importante pour le forfait choisi, un suppl\u00e9ment pourra \u00eatre appliqu\u00e9 directement en salon, au prix de ce dernier.spanbrbrspan-Sans pr\u00e9cision sp\u00e9cifique, le tarif coloration correspond \u00e0 la coloration des racines 1 \u00e0 2 cm de repousse maximum.spanbrbrspan-Dois-je prendre une patine? Une patine est fortement recommand\u00e9e apr\u00e8s une prestation m\u00e8ches balayage tieamp;dye, d\u00e8s que lon \u00e9claircit un cheveu d\u00e9color\u00e9.spanbrbrspanVous avez des doutes? spana hrefhttps:www.leciseau.frcontactez-nous relnoopener noreferrer target_blank styletext-decoration: none; color: rgb41, 197, 169;spanContactez-nousspanaspan ou consultez notre spana hrefhttps:www.leciseau.frcoupe-cheveux relnoopener noreferrer target_blank styletext-decoration: none; color: rgb41, 197, 169;spandictionnaire de la coiffurespanaspan avec les d\u00e9finitions des prestations.span <img decoding=\"async\" src=\"http:\/\/www.amis-du-vieux-lhay.fr\/Images\/Bandeau\/AVLH-LHay-les-Roses-Rue-du-Gue-Avenue-Larroumes.jpg\" alt=\"femme lhay les roses\" align=\"center\"> Il y a plusieurs \u00e9coles \u00e0 LHa\u00ff-les-Roses, correspondant chacune \u00e0 un nom de quartier : l\u00e9cole du Centre, l\u00e9cole des Blondeaux, l\u00e9cole de la Vall\u00e9e-aux-Renards, Lallier, le Jardin Parisien commun\u00e9ment appel\u00e9 JP. Chaque \u00e9cole est s\u00e9par\u00e9e en deux parties A et B. Derni\u00e8res annonces coquines pr\u00e8s de Lhay les roses Je suis l\u00e0 pour vous aider au quotidien et garder un bon environnement \u00e0 vos enfants. Je mappelle Quentin, Jai 16 ans et je suis au lyc\u00e9e. Je viens ici pour pouvoir me faire de largent et devenir plus ind\u00e9pendant. Cette rubrique va vous permettre de trouver dautres colocataires, pour monter une colocation ou la compl\u00e9ter. Retrouvez aussi dans tous les lieux publics de la ville, le Culture Mag f\u00e9vriermars, avec les interviews exclusives dAnne Nguyen et Natalie Dessay, dont les spectacles auront lieu \u00e0 lAuditorium, respectivement les samedi 23 mars et dimanche 7 avril.  <img decoding=\"async\" src=\"http:\/\/s1.lprs1.fr\/images\/2016\/02\/26\/5580015_8bdaab34-dc9b-11e5-acd3-001517810e22-1_1000x625.jpg\" alt=\"femme lhay les roses\" align=\"left\"> Jeune femme s\u00e9rieuse et ponctuelle, je vous propose mes services pour effectuer votre repassage, de pr\u00e9f\u00e9rence \u00e0 mon domicile. Le tarif est de 10 de lheure. Rencontre Femme L hay les roses-Site de rencontre gratuit L hay les roses Javascript est d\u00e9sactiv\u00e9 sur votre ordinateur, aide-au-top ne peut donc pas fonctionner correctement. Suivez les instructions ici pour corriger le probl\u00e8me : <img decoding=\"async\" src=\"http:\/\/www.montjoye.net\/images\/personnages\/comte_de_dunois\/dunois-jeanne-darc-orleans.jpg\" alt=\"femme lhay les roses\" align=\"left\"> France : Une femme voil\u00e9e victime dune agression sexuelle Venir avec votre dossier m\u00e9dical \u00e9chographie, bilan grossesse., sil y a lieu.  https:www.leciseau.frsalonstudio-cuts-paris-vitry-sur-seine-vitry-sur-seine 9.3 3.85 km de chez vous Fatima Studio Cuts Paris-Vitry sur Seine 8 Boulevard de Stalingrad, 94400 Vitry-sur-Seine, France.<\/p>\n","protected":false},"excerpt":{"rendered":"<p>femme lhay les roses<\/p>\n","protected":false},"author":1,"featured_media":0,"comment_status":"closed","ping_status":"closed","sticky":false,"template":"","format":"standard","meta":{"footnotes":""},"categories":[1],"tags":[],"_links":{"self":[{"href":"http:\/\/zupnija-gomilsko.rkc.si\/journal\/wp-json\/wp\/v2\/posts\/8604"}],"collection":[{"href":"http:\/\/zupnija-gomilsko.rkc.si\/journal\/wp-json\/wp\/v2\/posts"}],"about":[{"href":"http:\/\/zupnija-gomilsko.rkc.si\/journal\/wp-json\/wp\/v2\/types\/post"}],"author":[{"embeddable":true,"href":"http:\/\/zupnija-gomilsko.rkc.si\/journal\/wp-json\/wp\/v2\/users\/1"}],"replies":[{"embeddable":true,"href":"http:\/\/zupnija-gomilsko.rkc.si\/journal\/wp-json\/wp\/v2\/comments?post=8604"}],"version-history":[{"count":1,"href":"http:\/\/zupnija-gomilsko.rkc.si\/journal\/wp-json\/wp\/v2\/posts\/8604\/revisions"}],"predecessor-version":[{"id":8605,"href":"http:\/\/zupnija-gomilsko.rkc.si\/journal\/wp-json\/wp\/v2\/posts\/8604\/revisions\/8605"}],"wp:attachment":[{"href":"http:\/\/zupnija-gomilsko.rkc.si\/journal\/wp-json\/wp\/v2\/media?parent=8604"}],"wp:term":[{"taxonomy":"category","embeddable":true,"href":"http:\/\/zupnija-gomilsko.rkc.si\/journal\/wp-json\/wp\/v2\/categories?post=8604"},{"taxonomy":"post_tag","embeddable":true,"href":"http:\/\/zupnija-gomilsko.rkc.si\/journal\/wp-json\/wp\/v2\/tags?post=8604"}],"curies":[{"name":"wp","href":"https:\/\/api.w.org\/{rel}","templated":true}]}}