
{"id":8672,"date":"2020-10-09T20:15:16","date_gmt":"2020-10-09T20:15:16","guid":{"rendered":"http:\/\/zupnija-gomilsko.rkc.si\/journal\/?p=8672"},"modified":"2020-09-28T20:49:05","modified_gmt":"2020-09-28T20:49:05","slug":"meet-saint-benoit-2","status":"publish","type":"post","link":"http:\/\/zupnija-gomilsko.rkc.si\/journal\/2020\/10\/09\/meet-saint-benoit-2\/","title":{"rendered":"Meet Saint Benoit"},"content":{"rendered":"<p>There are more than just pragmatic and prosaic reasons.. E-lyco propose plusieurs outils de suivi des connexions et de lactivit\u00e9 des \u00e9l\u00e8ves, permettant \u00e0 lenseignant davoir un retour sur lengagement des \u00e9l\u00e8ves dans les activit\u00e9s propos\u00e9es. Logement tr\u00e8s bien situ\u00e9 pour d\u00e9couvrir Arles et ses environs. La maison est tr\u00e8s agr\u00e9able et silencieuse, typique du coeur de la ville. Les chambres sont confortables et spacieuses. \u03a4\u03bf \u03c7\u03b5\u03b9\u03c1\u03bf\u03ba\u03c1\u03bf\u03c4\u03b7\u03bc\u03b1 \u03c0\u03c1\u03c9\u03c4\u03bf\u03c8\u03b1\u03bb\u03c4\u03b7 \u03c3\u03c4\u03b9\u03c7\u03bf\u03b9 16 \u0394\u03b5\u03ba\u03ad\u03bc\u03b2\u03c1\u03b9\u03bf\u03c2 2018, 12:14 <img decoding=\"async\" src=\"http:\/\/scd.en.rfi.fr\/sites\/english.filesrfi\/imagecache\/rfi_16x9_1024_578\/sites\/images.rfi.fr\/files\/aef_image\/kurz_macron_elysees_palace.jpg\" alt=\"meet saint benoit\" align=\"left\"> destin\u00e9e \u00e0 des professionnels voulant faire pousser des plantes m\u00e9dicinales. Ce projet \u00e0 Next to the seaside, the 2nd floor of our house includes 2 bedrooms with matrimonial vers un each une, 1 living room to relax, work, have tea.. And a small bathroom with toilet and shower. La derni\u00e8re modification de cette page a \u00e9t\u00e9 faite le 6 juin 2020 \u00e0 11:57. <img decoding=\"async\" src=\"http:\/\/i1.wp.com\/www.iknowalltheplay.com\/wp-content\/uploads\/2016\/04\/030.jpg\" alt=\"meet saint benoit\" align=\"left\"> credit cards electronic payments accepted, contact us for details Le lendemain, apr\u00e8s une c\u00e9r\u00e9monie de cong\u00e9 en pr\u00e9sence des cardinaux pr\u00e9sents \u00e0 Rome en fin de matin\u00e9e, Beno\u00eet XVI se rend \u00e0 o\u00f9 son salut \u00e0 la foule depuis le balcon du palais apostolique constitue le dernier geste du pontificat. \u00c0 20 heures, les gardes suisses ferment les portes du palais. Le pontificat est termin\u00e9 et commence la p\u00e9riode de. According to the Rul e o f Saint Benedict, t he monks dedicate.. It is no coincidence that Saint Cyril and Saint Methodius were named Patrons of Europe by Pope John.. Appartement neuf de 38m2 pouvant acceuillir 3 personnes.Une chambre avec lit 2 personnes et un canap\u00e9 lit. N os h\u00e9bergements \u00e0 Arles, proche du centre historique peuvent accueillir de deux \u00e0 dix voyageurs pour visiter la vieille ville, son amphith\u00e9\u00e2tre, d\u00e9couvrir le th\u00e9\u00e2tre antique et vous impr\u00e9gner des senteurs de la Camargue. Nattendez plus pour r\u00e9server votre prochain s\u00e9jour \u00e0 Arles et faites de cette demeure de caract\u00e8re votre r\u00e9sidence de vacances. Concepts uncritically borrowed from Marxist ideology and recourse to theses of a biblical hermeneutic marked by rationalism are at the basis of the new interpretation which is corrupting whatever was authentic in the generous initial commitment on behalf of the poor. Libertatis Nuntius, VI, 5. Et Claire Chartier, sur lexpress.fr, LExpress, n o 3063, p. 96, 14 mars 2010 consult\u00e9 le 19 mars 2010 <img decoding=\"async\" src=\"http:\/\/www.inspiration-afrenchatmosphere.com\/uploads\/blog\/post_Averly_-_montages_photo_3E_V13.jpg\" alt=\"meet saint benoit\" align=\"center\"> SUPERHOST Private room 4 guests 2 beds 1 private bath Le fil dactualit\u00e9 permet de diffuser de linformation dans un espace de travail : consigne, rappels, information g\u00e9n\u00e9rale Cette information sera relay\u00e9e sur le fil personnel de tous les participants de cet espace de travail, qui en seront notifi\u00e9s dans e-lyco ou par mail sils ont activ\u00e9 cette fonctionnalit\u00e9.   : m\u00e9tr Aux. : : aux. : aux. Pr\u00e9fet de la congr\u00e9gation pour la doctrine de la foi G\u00e9n\u00e9ralit\u00e9s  Les conditions de ce dialogue sont celles qui, pour le pape, pr\u00e9valent dans le dialogue entre les diff\u00e9rentes religions, comme la n\u00e9cessit\u00e9 que soit assur\u00e9e de mani\u00e8re effective \u00e0 tous les croyants la libert\u00e9 de professer leur propre religion en priv\u00e9 et en public, ainsi que la libert\u00e9 de conscience. Beno\u00eet XVI rappelle ainsi les paroles de Jean-Paul II aux musulmans \u00e0, lors de son voyage au Maroc en ao\u00fbt 1985 : le respect et le dialogue requi\u00e8rent la r\u00e9ciprocit\u00e9 dans tous les domaines, surtout en ce qui concerne les libert\u00e9s fondamentales et plus particuli\u00e8rement la libert\u00e9 religieuse. Ils favorisent la paix et lentente entre les peuples. Glasseau : Leyla KAHRAMAN, Jade KURKOWSKI, Janelle VALADE, Yusuf DEMIR. BEST OF COTE DAZUR 20172018 Petit Fut\u00e9-Dominique Auzias, Jean-Paul Labourdette-Google Books Delphine de Mallevo\u00fce, sur lefigaro.fr, 11 mars 2013.<\/p>\n","protected":false},"excerpt":{"rendered":"<p>meet saint benoit<\/p>\n","protected":false},"author":1,"featured_media":0,"comment_status":"closed","ping_status":"closed","sticky":false,"template":"","format":"standard","meta":{"footnotes":""},"categories":[1],"tags":[],"_links":{"self":[{"href":"http:\/\/zupnija-gomilsko.rkc.si\/journal\/wp-json\/wp\/v2\/posts\/8672"}],"collection":[{"href":"http:\/\/zupnija-gomilsko.rkc.si\/journal\/wp-json\/wp\/v2\/posts"}],"about":[{"href":"http:\/\/zupnija-gomilsko.rkc.si\/journal\/wp-json\/wp\/v2\/types\/post"}],"author":[{"embeddable":true,"href":"http:\/\/zupnija-gomilsko.rkc.si\/journal\/wp-json\/wp\/v2\/users\/1"}],"replies":[{"embeddable":true,"href":"http:\/\/zupnija-gomilsko.rkc.si\/journal\/wp-json\/wp\/v2\/comments?post=8672"}],"version-history":[{"count":1,"href":"http:\/\/zupnija-gomilsko.rkc.si\/journal\/wp-json\/wp\/v2\/posts\/8672\/revisions"}],"predecessor-version":[{"id":8673,"href":"http:\/\/zupnija-gomilsko.rkc.si\/journal\/wp-json\/wp\/v2\/posts\/8672\/revisions\/8673"}],"wp:attachment":[{"href":"http:\/\/zupnija-gomilsko.rkc.si\/journal\/wp-json\/wp\/v2\/media?parent=8672"}],"wp:term":[{"taxonomy":"category","embeddable":true,"href":"http:\/\/zupnija-gomilsko.rkc.si\/journal\/wp-json\/wp\/v2\/categories?post=8672"},{"taxonomy":"post_tag","embeddable":true,"href":"http:\/\/zupnija-gomilsko.rkc.si\/journal\/wp-json\/wp\/v2\/tags?post=8672"}],"curies":[{"name":"wp","href":"https:\/\/api.w.org\/{rel}","templated":true}]}}