
{"id":8692,"date":"2020-10-09T19:22:53","date_gmt":"2020-10-09T19:22:53","guid":{"rendered":"http:\/\/zupnija-gomilsko.rkc.si\/journal\/?p=8692"},"modified":"2020-09-28T21:37:09","modified_gmt":"2020-09-28T21:37:09","slug":"rencontres-gindou-2","status":"publish","type":"post","link":"http:\/\/zupnija-gomilsko.rkc.si\/journal\/2020\/10\/09\/rencontres-gindou-2\/","title":{"rendered":"Rencontres Gindou"},"content":{"rendered":"<p>A la Librairie-Tartinerie : vente de livres, DVD et rencontres avec des auteurs  dAbel Gance en version Magirama! 1h30, France, 1956. Projection au cin\u00e9ma de verdure vendredi 24 ao\u00fbt \u00e0 21h30 Ecole, coll\u00e8ge, lyc\u00e9ens et apprentis au cin\u00e9ma-Interventions p\u00e9riscolaires Parcours exposition Vous souhaitez proposer un article sur ce festival? La pand\u00e9mie du Covid-19 frappe lensemble de la plan\u00e8te sans distinction de nationalit\u00e9, dorigine ethnique ou sociale. Elle met en \u00e9vidence les fractures entre les citoyens et les peuples \u00e9conomique, sociale, environnementale, sanitaire, num\u00e9rique. Le festival est remarquable par la proximit\u00e9 et la convivialit\u00e9 qui sinstaure entre le public et les r\u00e9alisateurs. \u00c0 NOTER!! Les dates des prochaines Rencontres Cin\u00e9ma de Gindou sont arr\u00eat\u00e9es! : 15-22 ao\u00fbt 2020!  Gindou. Les Rencontres Cin\u00e9ma jouent l\u00e9clectisme-ladepeche.fr Venez partager cet \u00e9v\u00e9nement organis\u00e9 pour vous, rencontrer les administrateurs de votre Caisse locale et les dirigeants de votre banque, vous informer de son actualit\u00e9. Vous b\u00e9n\u00e9ficierez dune intervention sur le th\u00e8me : laffirmation de notre utilit\u00e9 au territoire. Sa participation \u00e0 la mise en \u0153uvre exp\u00e9rimentale du DMP pour les professionnels de sant\u00e9, Je souhaite recevoir les newsletters de petitfute.com Parce que lassociation Gindou Cin\u00e9ma sest construite pas \u00e0 pas et quelle emploie aujourdhui 8 personnes \u00e0 lann\u00e9e. La Ruche est un dispositif daccompagnement dans l\u00e9criture de sc\u00e9nario lanc\u00e9 par Gindou Cin\u00e9ma en 2013 \u00e0 destination de jeunes auteurs qui nont pas fait d\u00e9tudes de cin\u00e9ma et pour qui lacc\u00e8s au milieu professionnel est difficile. Nous vous proposons de discuter avec le sc\u00e9nariste et producteur, Guillaume Lemans, pendant une r\u00e9union Skype le 1706. Le cin\u00e9ma du r\u00e9el \u00e0 lhonneur aux Rencontres de Gindou <img decoding=\"async\" src=\"http:\/\/lejournaldemayotte.com\/wp-content\/uploads\/2015\/07\/Internet-et-sites-salle.jpg\" alt=\"rencontres gindou\" align=\"left\"> Venez partager cet \u00e9v\u00e9nement organis\u00e9 pour vous, rencontrer les administrateurs de votre Caisse locale et les dirigeants de votre banque, vous informer de son actualit\u00e9. Vous b\u00e9n\u00e9ficierez dune intervention sur le th\u00e8me de laffirmation de notre utilit\u00e9 au territoire. 16h45 La relation de travail entre auteurrice et producteurrice, en pr\u00e9sence de : <img decoding=\"async\" src=\"http:\/\/www.whatisepigenetics.com\/wp-content\/uploads\/2016\/02\/dnmt3a-epigenetics.jpg\" alt=\"rencontres gindou\" align=\"left\">  Jean-Pierre Neyrac, pr\u00e9sident de Gindou-Cin\u00e9ma depuis 2011, fait partie int\u00e9grante des Gindounais. Il a effectu\u00e9 l\u00c9cole de cin\u00e9ma de Vaugirard dans la promotion que Bob Swaim La Balance et Philippe L\u00e9otard. Il a travaill\u00e9 dans la partie technique de traitement de films et de vid\u00e9os Il.. Gindou, cest ce petit village du Lot 46 de 300 habitants, \u00e0 une demi-heure de Cahors, et \u00e0 deux heures de Toulouse, qui se transforme pour une semaine en capitale mondiale du cin\u00e9ma. \u00c9videmment, cette deuxi\u00e8me solution nen est pas une, cest absolument hors de question. Parce que nous sommes conscients du fait que nous ne jouons pas dans la m\u00eame cour que toutes ces grandes pointures et parce que nous tenons avant tout \u00e0 la simplicit\u00e9 et la convivialit\u00e9 des Rencontres. Et \u00e7a, nous sommes s\u00fbrs de le proposer en avant-premi\u00e8re nationale! <img decoding=\"async\" src=\"http:\/\/cdn.purple.fr\/bd3d814222acc55dc35a9181f99c1d96\/static.purple.fr\/2015\/06\/U7G6660_V7_NEW_PFM16_RVB_0195-226x300.jpg\/300x300\/U7G6660_V7_NEW_PFM16_RVB_0195-226x300.jpg\" alt=\"rencontres gindou\" align=\"right\"> Pour \u00eatre tenu inform\u00e9 de lactualit\u00e9 de la Librairie et des diff\u00e9rents \u00e9v\u00e9nements, vous pouvez vous inscrire sur notre newlsetter en entrant ici votre adresse email: Projection dans le cin\u00e9ma de verdure samedi 18 ao\u00fbt \u00e0 21h30 Carte Blanche \u00e0 la Cin\u00e9math\u00e8que de Toulouse et au CNC compos\u00e9e de 4 s\u00e9ances en 2018, le th\u00e8me \u00e9tait Apr\u00e8s la guerre de Jean Bernard Marlin. Projection au cin\u00e9ma de verdure mardi 21 ao\u00fbt nuit apr\u00e8s lentracte.<\/p>\n","protected":false},"excerpt":{"rendered":"<p>rencontres gindou<\/p>\n","protected":false},"author":1,"featured_media":0,"comment_status":"closed","ping_status":"closed","sticky":false,"template":"","format":"standard","meta":{"footnotes":""},"categories":[1],"tags":[],"_links":{"self":[{"href":"http:\/\/zupnija-gomilsko.rkc.si\/journal\/wp-json\/wp\/v2\/posts\/8692"}],"collection":[{"href":"http:\/\/zupnija-gomilsko.rkc.si\/journal\/wp-json\/wp\/v2\/posts"}],"about":[{"href":"http:\/\/zupnija-gomilsko.rkc.si\/journal\/wp-json\/wp\/v2\/types\/post"}],"author":[{"embeddable":true,"href":"http:\/\/zupnija-gomilsko.rkc.si\/journal\/wp-json\/wp\/v2\/users\/1"}],"replies":[{"embeddable":true,"href":"http:\/\/zupnija-gomilsko.rkc.si\/journal\/wp-json\/wp\/v2\/comments?post=8692"}],"version-history":[{"count":1,"href":"http:\/\/zupnija-gomilsko.rkc.si\/journal\/wp-json\/wp\/v2\/posts\/8692\/revisions"}],"predecessor-version":[{"id":8693,"href":"http:\/\/zupnija-gomilsko.rkc.si\/journal\/wp-json\/wp\/v2\/posts\/8692\/revisions\/8693"}],"wp:attachment":[{"href":"http:\/\/zupnija-gomilsko.rkc.si\/journal\/wp-json\/wp\/v2\/media?parent=8692"}],"wp:term":[{"taxonomy":"category","embeddable":true,"href":"http:\/\/zupnija-gomilsko.rkc.si\/journal\/wp-json\/wp\/v2\/categories?post=8692"},{"taxonomy":"post_tag","embeddable":true,"href":"http:\/\/zupnija-gomilsko.rkc.si\/journal\/wp-json\/wp\/v2\/tags?post=8692"}],"curies":[{"name":"wp","href":"https:\/\/api.w.org\/{rel}","templated":true}]}}