
{"id":8740,"date":"2020-10-09T22:49:08","date_gmt":"2020-10-09T22:49:08","guid":{"rendered":"http:\/\/zupnija-gomilsko.rkc.si\/journal\/?p=8740"},"modified":"2020-09-28T22:51:07","modified_gmt":"2020-09-28T22:51:07","slug":"rencontre-brel-programme-2","status":"publish","type":"post","link":"http:\/\/zupnija-gomilsko.rkc.si\/journal\/2020\/10\/09\/rencontre-brel-programme-2\/","title":{"rendered":"Rencontre Brel Programme"},"content":{"rendered":"<p>Une fille, un gar\u00e7on. Un piano, une batterie et une voix envo\u00fbtante. De la virtuosit\u00e9 et de l\u00e9nergie. Cats on trees a trouv\u00e9 losmose id\u00e9ale, le m\u00e9lange de sons et de rythmes qui parlent au corps et \u00e0 l\u00e2me. Le tandem impose sa patte : petits contes du quotidien, fragments dimages, socle m\u00e9lodique hyper solide. Samedi 12 Septembre : de 14 \u00e0 18H FORUM DES ASSOCIATIONS \u00e0 la Maison du Col de Marcieu, \u00e0 St Bernard. Avec la pr\u00e9sence de nombreuses associations du Plateau : inscriptions, animations, Organis\u00e9e par la Communaut\u00e9 de Communes du Gr\u00e9sivaudan.  attestation sur lhonneur, dont un mod\u00e8le est t\u00e9l\u00e9chargeable sur Notices dans des dictionnaires ou encyclop\u00e9dies g\u00e9n\u00e9ralistes : Biographie nationale de Belgique Brockhaus Enzyklop\u00e4die Deutsche Biographie Encyclop\u00e6dia Britannica Encyclop\u00e6dia Universalis Gran Enciclop\u00e8dia Catalana Encyclop\u00e9die Larousse Swedish Nationalencyklopedin Munzinger Archiv Store norske leksikon du mieux quon peut sur l\u00e9volution de la situation, le bilan La Grosse Radio est une marque d\u00e9pos\u00e9e, tous droits r\u00e9serv\u00e9s 2003-2020 Pour en savoir plus ou exercer vos droits, vous pouvez consulter nos. Sp\u00e9ciale aussi car cest le retour aujourdhui des chroniques que vous pouviez \u00e9couter avant le confinement dans cette \u00e9mission. Vous aurez le plaisir de retrouver la douce voix dAnne-Laure qui tentera de vous donnez quelques id\u00e9es de sortie et les infos pratiques. Yann, de retour dans notre \u00e9quipe apr\u00e8s sa formation r\u00e9ussie \u00e0 Paris, se chargera de faire le point sur la m\u00e9t\u00e9o et sur les infos \u00e9ph\u00e9m\u00e9rides. Notre cher Quentin nous pr\u00e9sentera, en plus de sa chronique musique, les programmes \u00e0 \u00e9couter ce mardi sur notre antenne et en podcast. Et puis notre vaillant stagiaire Simon nous proposera une chronique tous les jours, aujourdhui il nous parle de circuits courts et de la situation des producteurs locaux. <img decoding=\"async\" src=\"http:\/\/www.fabienne-marsaudon.com\/wordpress\/wp-content\/uploads\/2012\/11\/Couv-Chansons-Symponiques.jpg\" alt=\"rencontre brel programme\" align=\"right\"> Rediffusion Fable de La Fontaine Le Laboureur et ses enfants : avec une m\u00e9lodie pour baryton et mezzo dIsabelle Aboulker et des extraits de chansons par Patrick Abrial, Gr\u00e9goire Boissenot, les petits \u00e9coliers chantant de Bondy et Roger Houzel qui accompagne Chantal Goya, le groupe Monomotapa et Julienne Rody Dimanche 24 mai de 15h00 \u00e0 18h00, mercredi 27 mai de 14h00 \u00e0 18h00 et dimanche 31 mai de 15h00 \u00e0 18h00 \u00e0 : visite du mus\u00e9e dArt et dHistoire. Prospero et sa fille Miranda, \u00e0 la suite de man\u0153uvres douteuses, sont exil\u00e9s dans une \u00eele lugubre depuis douze ans, Prospero provoque le naufrage du vaisseau du roi et de sa cour, sa vengeance est en marche En attendant le d\u00e9nouement final, la commune de Saint-Pierre-de-Chartreuse a dores et d\u00e9j\u00e0 annonc\u00e9 un \u00e9v\u00e9nement musical et festif pour remplacer Le Grand Son, les 18, 19 et 20 juillet. Le programme de ce mini-festival m\u00ealant associations locales, habitants et commer\u00e7ants sera communiqu\u00e9 tr\u00e8s prochainement. France et Jacques Brel-Fondation Jacques Brel dutilit\u00e9 publique <img decoding=\"async\" src=\"http:\/\/levarois.com\/wp-content\/uploads\/2016\/02\/Programmes-Toulon-Var-Technologies-5.jpg\" alt=\"rencontre brel programme\" align=\"left\"> Im not afraid Fils de.-sur lalbum Frank Sinatras greatest hits Vol. 2, 1970 Attention, \u00e9v\u00e9nement \u00e0 Paris! The Mad Dimension, cest le nouveau mus\u00e9e qui fait sensation, 100 immersif, 100 instagrammable. Ce mus\u00e9e \u00e9ph\u00e9m\u00e8re rouvre ses portes d\u00e8s le 6 juin 2020 et nous r\u00e9serve de belles surprises R\u00e9servez votre s\u00e9ance et profitez dune exp\u00e9rience unique. Nos chansons pr\u00e9f\u00e9r\u00e9es, CD avec 18 chansons diverses, dont 8 de Brel. Un CD en allemand avec 16 chansons, dont 5 de Brel. \u00c9dition dune brochure franco-allemande Brel avec 25 chansons en allemand.  Fermer la modale de s\u00e9lection. Confirmez votre action Elles seront \u00e9galement utilis\u00e9es sous r\u00e9serve des options souscrites, \u00e0 des fins de ciblage publicitaire. Margaux \u00e0 Ansauville, Lucien \u00e0 Beaumont et Cl\u00e9mence \u00e0 \u00c9crouves. Au programme de cette \u00e9mission, dabord une rapide revue de presse, que sest-il pass\u00e9 dans le monde et en Lorraine ces derni\u00e8res 48h. En deuxi\u00e8me partie, Elsa sort de son bunker. Christiane nous lit un article de lhistorien Johann Chaputot paru dans Lib\u00e9. Camille et Tom de Radio Campus ont interview\u00e9 Eryk, un \u00e9tudiant handicap\u00e9 confin\u00e9. Catherine nous donne les derni\u00e8res infos du Pays Terres de Lorraine. Quentin nous fait d\u00e9couvrir la chanteuse Juliette Armanet. Enfin Vincent sest pench\u00e9 sur la question de la continuit\u00e9 p\u00e9dagogique et a pos\u00e9 ses questions \u00e0 deux enseignants du premier et du second degr\u00e9.  S\u00e8te, une \u00eele ancr\u00e9e au soleil Par Jacqueline et Pierre Aimar <img decoding=\"async\" src=\"http:\/\/www.passerells.fr\/wp-content\/uploads\/2016\/07\/ecofestival-programme.jpg\" alt=\"rencontre brel programme\" align=\"left\">.<\/p>\n","protected":false},"excerpt":{"rendered":"<p>rencontre brel programme<\/p>\n","protected":false},"author":1,"featured_media":0,"comment_status":"closed","ping_status":"closed","sticky":false,"template":"","format":"standard","meta":{"footnotes":""},"categories":[1],"tags":[],"_links":{"self":[{"href":"http:\/\/zupnija-gomilsko.rkc.si\/journal\/wp-json\/wp\/v2\/posts\/8740"}],"collection":[{"href":"http:\/\/zupnija-gomilsko.rkc.si\/journal\/wp-json\/wp\/v2\/posts"}],"about":[{"href":"http:\/\/zupnija-gomilsko.rkc.si\/journal\/wp-json\/wp\/v2\/types\/post"}],"author":[{"embeddable":true,"href":"http:\/\/zupnija-gomilsko.rkc.si\/journal\/wp-json\/wp\/v2\/users\/1"}],"replies":[{"embeddable":true,"href":"http:\/\/zupnija-gomilsko.rkc.si\/journal\/wp-json\/wp\/v2\/comments?post=8740"}],"version-history":[{"count":1,"href":"http:\/\/zupnija-gomilsko.rkc.si\/journal\/wp-json\/wp\/v2\/posts\/8740\/revisions"}],"predecessor-version":[{"id":8741,"href":"http:\/\/zupnija-gomilsko.rkc.si\/journal\/wp-json\/wp\/v2\/posts\/8740\/revisions\/8741"}],"wp:attachment":[{"href":"http:\/\/zupnija-gomilsko.rkc.si\/journal\/wp-json\/wp\/v2\/media?parent=8740"}],"wp:term":[{"taxonomy":"category","embeddable":true,"href":"http:\/\/zupnija-gomilsko.rkc.si\/journal\/wp-json\/wp\/v2\/categories?post=8740"},{"taxonomy":"post_tag","embeddable":true,"href":"http:\/\/zupnija-gomilsko.rkc.si\/journal\/wp-json\/wp\/v2\/tags?post=8740"}],"curies":[{"name":"wp","href":"https:\/\/api.w.org\/{rel}","templated":true}]}}