
{"id":8788,"date":"2020-10-09T16:10:05","date_gmt":"2020-10-09T16:10:05","guid":{"rendered":"http:\/\/zupnija-gomilsko.rkc.si\/journal\/?p=8788"},"modified":"2020-09-29T00:59:44","modified_gmt":"2020-09-29T00:59:44","slug":"rencontrer-matt-pokora-2013-2","status":"publish","type":"post","link":"http:\/\/zupnija-gomilsko.rkc.si\/journal\/2020\/10\/09\/rencontrer-matt-pokora-2013-2\/","title":{"rendered":"Rencontrer Matt Pokora 2013"},"content":{"rendered":"<p>  <img decoding=\"async\" src=\"http:\/\/66.media.tumblr.com\/d19b58423d1104736f47fcffd03f81cc\/tumblr_inline_o96idyt4OX1tajsgd_500.jpg\" alt=\"rencontrer matt pokora 2013\" align=\"right\"> Tout simplement vous dire que nous \u00e9tions le 15032017 \u00e0 Rouen. La chanteuse Vitaa au photocall de la 15\u00e8me \u00e9dition Top Model Belgium au Lido \u00e0 Paris, France, le 3 Marc Ausset Lacroix Bestimage R\u00e9capitulatif des Journ\u00e9es de R\u00eaves que nous avons eu limmense plaisir dorganiser depuis 2013.  Du 3 au 5 Novembre 2020 : Expoprotection Paris Porte de Versailles Le magasin superdry se trouve au niveau 2 du centre commercial. Jaimerai vraiment rencontrer Matt pokora je suis une grande fan et jadore aussi Shym <img decoding=\"async\" src=\"http:\/\/www.answer.buymeforme.com\/contenu\/uploads\/disque-dur-drone-Fly-Drive-702x336.jpg\" alt=\"rencontrer matt pokora 2013\" align=\"left\"> Grande folie qui sabat sur ce blog!! Superdry vous offre des places pour un concert exceptionnel le Samedi 20 Avril \u00e0 Lyon Le chanteur fran\u00e7ais d\u00e9voile le deuxi\u00e8me extrait de Mise \u00e0 jour. Chaque fin dann\u00e9e est pr\u00e9texte aux bilans. Vous avez \u00e9t\u00e9 plus de 20 millions dinternautes, futurs spectateurs de.. <img decoding=\"async\" src=\"http:\/\/media.nrj.fr\/1900x1200\/2015\/11\/juliette_1130250.jpg\" alt=\"rencontrer matt pokora 2013\" align=\"left\"> Je naime pas du tout ta musique, elle me sort par les trous de nez, si tu veux savoir. Oh moi aussi fan depuis que je lai rencontre voila Du 2 au 5 Novembre 2020 : Congr\u00e8s de m\u00e9decine et sant\u00e9 au travail \u00e0 Strasbourg Archives-Johnny Hallyday et Sylvie Vartan dans un bureau de vote. Le 6 mai 1960 Keystone Press A Zuma Press Bestimage La princesse Charlene et le prince Albert II de Monaco pr\u00e9sentent leurs jumeaux, la princesse Gabrie Allpix KCS \u03ba\u03bb\u03c9\u03bd\u03bf\u03b9 iphone 4 \u03b5\u03c5\u03b3\u03b5\u03bd\u03af\u03b4\u03b5\u03b9\u03bf \u03b8\u03b5\u03c1\u03b1\u03c0\u03b5\u03c5\u03c4\u03ae\u03c1\u03b9\u03bf \u03c4\u03b7\u03bb\u03ad\u03c6\u03c9\u03bd\u03bf \u03b5\u03c5\u03b1\u03b9\u03c3\u03b8\u03b7\u03c3\u03b9\u03b1 \u03c3\u03c4\u03b1 \u03b4\u03bf\u03bd\u03c4\u03b9\u03b1 \u03bc\u03b5\u03c4\u03b1 \u03b1\u03c0\u03bf \u03bb\u03b5\u03c5\u03ba\u03b1\u03bd\u03c3\u03b7 \u0394\u03c9\u03c1\u03b5\u03ac\u03bd \u03b1\u03c0\u03bf\u03c3\u03c4\u03bf\u03bb\u03ae, \u03c7\u03c9\u03c1\u03af\u03c2 \u03c0\u03c1\u03bf\u03bc\u03ae\u03b8\u03b5\u03b9\u03b1 \u03c3\u03c5\u03bd\u03b1\u03bb\u03bb\u03b1\u03b3\u03ce\u03bd! 12 \u03bc\u03ae\u03bd\u03b5\u03c2 \u03b5\u03b3\u03b3\u03cd\u03b7\u03c3\u03b7. Albums du groupe Quartier Latin International.<\/p>\n","protected":false},"excerpt":{"rendered":"<p>rencontrer matt pokora 2013<\/p>\n","protected":false},"author":1,"featured_media":0,"comment_status":"closed","ping_status":"closed","sticky":false,"template":"","format":"standard","meta":{"footnotes":""},"categories":[1],"tags":[],"_links":{"self":[{"href":"http:\/\/zupnija-gomilsko.rkc.si\/journal\/wp-json\/wp\/v2\/posts\/8788"}],"collection":[{"href":"http:\/\/zupnija-gomilsko.rkc.si\/journal\/wp-json\/wp\/v2\/posts"}],"about":[{"href":"http:\/\/zupnija-gomilsko.rkc.si\/journal\/wp-json\/wp\/v2\/types\/post"}],"author":[{"embeddable":true,"href":"http:\/\/zupnija-gomilsko.rkc.si\/journal\/wp-json\/wp\/v2\/users\/1"}],"replies":[{"embeddable":true,"href":"http:\/\/zupnija-gomilsko.rkc.si\/journal\/wp-json\/wp\/v2\/comments?post=8788"}],"version-history":[{"count":1,"href":"http:\/\/zupnija-gomilsko.rkc.si\/journal\/wp-json\/wp\/v2\/posts\/8788\/revisions"}],"predecessor-version":[{"id":8789,"href":"http:\/\/zupnija-gomilsko.rkc.si\/journal\/wp-json\/wp\/v2\/posts\/8788\/revisions\/8789"}],"wp:attachment":[{"href":"http:\/\/zupnija-gomilsko.rkc.si\/journal\/wp-json\/wp\/v2\/media?parent=8788"}],"wp:term":[{"taxonomy":"category","embeddable":true,"href":"http:\/\/zupnija-gomilsko.rkc.si\/journal\/wp-json\/wp\/v2\/categories?post=8788"},{"taxonomy":"post_tag","embeddable":true,"href":"http:\/\/zupnija-gomilsko.rkc.si\/journal\/wp-json\/wp\/v2\/tags?post=8788"}],"curies":[{"name":"wp","href":"https:\/\/api.w.org\/{rel}","templated":true}]}}